{"id":1176,"date":"2019-10-06T09:17:58","date_gmt":"2019-10-06T09:17:58","guid":{"rendered":"http:\/\/www.retroparla.com\/?p=1176"},"modified":"2020-12-27T12:06:18","modified_gmt":"2020-12-27T11:06:18","slug":"entrevistas-de-altura-en-nuestro-proximo-podcast","status":"publish","type":"post","link":"https:\/\/www.retroparla.com\/index.php\/2019\/10\/entrevistas-de-altura-en-nuestro-proximo-podcast\/","title":{"rendered":"Entrevistas de altura en nuestro pr\u00f3ximo podcast"},"content":{"rendered":"\n<p>El pr\u00f3ximo viernes grabamos un nuevo programa del podcast de RetroParla con la presencia de dos pesos pesados del retro nacional y socios de nuestra asociaci\u00f3n: <strong>Javier Garc\u00eda Navarro<\/strong> y <strong>Ra\u00fal Ortega Palacios<\/strong>, que nos contar\u00e1n sus vivencias tanto en la edad dorada de nuestro software como sus proyectos actuales y futuros. \u00bfY sab\u00e9is lo mejor de todo? <strong>Que podr\u00e9is acudir a verlo en directo<\/strong>. El viernes 11 de octubre, en el aula 6 de la <a href=\"https:\/\/www.retroparla.com\/index.php\/donde-estamos\/\">Casa de la Cultura<\/a> de Parla, a partir de las 18:30 horas est\u00e1is todos invitados a pasar la tarde junto a estos dos monstruos de los pixels y los bytes.<\/p>\n\n\n\n<div class=\"wp-block-image\"><figure class=\"alignleft is-resized\"><img data-recalc-dims=\"1\" decoding=\"async\" data-attachment-id=\"1188\" data-permalink=\"https:\/\/www.retroparla.com\/index.php\/2019\/10\/entrevistas-de-altura-en-nuestro-proximo-podcast\/jgn\/\" data-orig-file=\"https:\/\/i0.wp.com\/www.retroparla.com\/wp-content\/uploads\/2019\/10\/jgn.jpg?fit=400%2C519&amp;ssl=1\" data-orig-size=\"400,519\" data-comments-opened=\"1\" data-image-meta=\"{&quot;aperture&quot;:&quot;0&quot;,&quot;credit&quot;:&quot;&quot;,&quot;camera&quot;:&quot;&quot;,&quot;caption&quot;:&quot;&quot;,&quot;created_timestamp&quot;:&quot;0&quot;,&quot;copyright&quot;:&quot;&quot;,&quot;focal_length&quot;:&quot;0&quot;,&quot;iso&quot;:&quot;0&quot;,&quot;shutter_speed&quot;:&quot;0&quot;,&quot;title&quot;:&quot;&quot;,&quot;orientation&quot;:&quot;1&quot;}\" data-image-title=\"jgn\" data-image-description=\"\" data-image-caption=\"\" data-medium-file=\"https:\/\/i0.wp.com\/www.retroparla.com\/wp-content\/uploads\/2019\/10\/jgn.jpg?fit=231%2C300&amp;ssl=1\" data-large-file=\"https:\/\/i0.wp.com\/www.retroparla.com\/wp-content\/uploads\/2019\/10\/jgn.jpg?fit=400%2C519&amp;ssl=1\" src=\"https:\/\/i0.wp.com\/www.retroparla.com\/wp-content\/uploads\/2019\/10\/jgn.jpg?resize=200%2C260&#038;ssl=1\" alt=\"\" class=\"wp-image-1188\" width=\"200\" height=\"260\" srcset=\"https:\/\/i0.wp.com\/www.retroparla.com\/wp-content\/uploads\/2019\/10\/jgn.jpg?w=400&amp;ssl=1 400w, https:\/\/i0.wp.com\/www.retroparla.com\/wp-content\/uploads\/2019\/10\/jgn.jpg?resize=231%2C300&amp;ssl=1 231w\" sizes=\"(max-width: 200px) 100vw, 200px\" \/><\/figure><\/div>\n\n\n\n<p><strong>Javier Garc\u00eda Navarro<\/strong> (<a href=\"https:\/\/twitter.com\/_jgnavarro\">@jgnavarro_<\/a>) inici\u00f3 su andadura delante de un CPC, del que sali\u00f3 la versi\u00f3n para Amstrad del m\u00edtico \u00ab<strong>Sabrina<\/strong>\u00ab. A\u00f1os despu\u00e9s volver\u00eda a retomar a su protagonista para un remake (\u00ab<strong>Sardina<\/strong>\u00ab) y formar\u00e1 parte de <a href=\"https:\/\/www.4mhz.es\/\">4MHz<\/a>, uno de los grupos mas potentes del panorama actual, creadores de aut\u00e9nticos \u00abtriple A\u00bb como \u00ab<strong>El Tesoro Perdido de Cuauht\u00e9moc<\/strong>\u00ab, \u00ab<strong>Profanation 2<\/strong>\u00bb o el m\u00e1s reciente megahit \u00ab<strong>Operation Alexandra<\/strong>\u00ab. \n\n<\/p>\n\n\n\n<div style=\"height:20px\" aria-hidden=\"true\" class=\"wp-block-spacer\"><\/div>\n\n\n\n<hr class=\"wp-block-separator is-style-dots\"\/>\n\n\n\n<div class=\"wp-block-image\"><figure class=\"alignright is-resized\"><img data-recalc-dims=\"1\" decoding=\"async\" data-attachment-id=\"1180\" data-permalink=\"https:\/\/www.retroparla.com\/index.php\/2019\/10\/entrevistas-de-altura-en-nuestro-proximo-podcast\/rop\/\" data-orig-file=\"https:\/\/i0.wp.com\/www.retroparla.com\/wp-content\/uploads\/2019\/10\/rop.jpg?fit=400%2C520&amp;ssl=1\" data-orig-size=\"400,520\" data-comments-opened=\"1\" data-image-meta=\"{&quot;aperture&quot;:&quot;0&quot;,&quot;credit&quot;:&quot;&quot;,&quot;camera&quot;:&quot;&quot;,&quot;caption&quot;:&quot;&quot;,&quot;created_timestamp&quot;:&quot;0&quot;,&quot;copyright&quot;:&quot;&quot;,&quot;focal_length&quot;:&quot;0&quot;,&quot;iso&quot;:&quot;0&quot;,&quot;shutter_speed&quot;:&quot;0&quot;,&quot;title&quot;:&quot;&quot;,&quot;orientation&quot;:&quot;1&quot;}\" data-image-title=\"rop\" data-image-description=\"\" data-image-caption=\"\" data-medium-file=\"https:\/\/i0.wp.com\/www.retroparla.com\/wp-content\/uploads\/2019\/10\/rop.jpg?fit=231%2C300&amp;ssl=1\" data-large-file=\"https:\/\/i0.wp.com\/www.retroparla.com\/wp-content\/uploads\/2019\/10\/rop.jpg?fit=400%2C520&amp;ssl=1\" src=\"https:\/\/i0.wp.com\/www.retroparla.com\/wp-content\/uploads\/2019\/10\/rop.jpg?resize=200%2C260&#038;ssl=1\" alt=\"\" class=\"wp-image-1180\" width=\"200\" height=\"260\" srcset=\"https:\/\/i0.wp.com\/www.retroparla.com\/wp-content\/uploads\/2019\/10\/rop.jpg?w=400&amp;ssl=1 400w, https:\/\/i0.wp.com\/www.retroparla.com\/wp-content\/uploads\/2019\/10\/rop.jpg?resize=231%2C300&amp;ssl=1 231w\" sizes=\"(max-width: 200px) 100vw, 200px\" \/><\/figure><\/div>\n\n\n\n<p>Con solo 17 a\u00f1os, <strong>Ra\u00fal Ortega Palacios<\/strong> (<a href=\"https:\/\/twitter.com\/rauldevelop\">@rauldevelop<\/a>) comienza a trabajar como grafista para <strong>Dinamic <\/strong>creando algunas de las im\u00e1genes que a\u00fan perduran en nuestras retinas, como los gr\u00e1ficos del \u00ab<strong>Capit\u00e1n Trueno<\/strong>\u00ab, \u00ab<strong>Freddy Hardest<\/strong>\u00bb o \u00ab<strong>Megacorp<\/strong>\u00ab. Tras una vida dedicada a la programaci\u00f3n y el grafismo se enfrenta ahora al reto de completar \u00ab<strong>Alhambra Tales<\/strong>\u00ab, cuyo desarrollo comenz\u00f3 durante su estancia en Dinamic pero que finalmente nunca vio la luz.  <\/p>\n","protected":false},"excerpt":{"rendered":"<p>El pr\u00f3ximo viernes grabamos un nuevo programa del podcast de RetroParla con la presencia de dos pesos pesados del retro nacional y socios de nuestra asociaci\u00f3n: Javier Garc\u00eda Navarro y Ra\u00fal Ortega Palacios, que nos contar\u00e1n sus vivencias tanto en la edad dorada de nuestro software como sus proyectos&#46;&#46;&#46;<\/p>\n","protected":false},"author":2,"featured_media":1188,"comment_status":"open","ping_status":"open","sticky":false,"template":"","format":"standard","meta":{"_bbp_topic_count":0,"_bbp_reply_count":0,"_bbp_total_topic_count":0,"_bbp_total_reply_count":0,"_bbp_voice_count":0,"_bbp_anonymous_reply_count":0,"_bbp_topic_count_hidden":0,"_bbp_reply_count_hidden":0,"_bbp_forum_subforum_count":0,"jetpack_post_was_ever_published":false,"_jetpack_newsletter_access":"","_jetpack_dont_email_post_to_subs":false,"_jetpack_newsletter_tier_id":0,"_jetpack_memberships_contains_paywalled_content":false,"_jetpack_memberships_contains_paid_content":false,"footnotes":""},"categories":[3],"tags":[],"class_list":["post-1176","post","type-post","status-publish","format-standard","has-post-thumbnail","hentry","category-anuncios"],"jetpack_featured_media_url":"https:\/\/i0.wp.com\/www.retroparla.com\/wp-content\/uploads\/2019\/10\/jgn.jpg?fit=400%2C519&ssl=1","jetpack_likes_enabled":true,"jetpack_shortlink":"https:\/\/wp.me\/pcGicC-iY","jetpack_sharing_enabled":true,"_links":{"self":[{"href":"https:\/\/www.retroparla.com\/index.php\/wp-json\/wp\/v2\/posts\/1176","targetHints":{"allow":["GET"]}}],"collection":[{"href":"https:\/\/www.retroparla.com\/index.php\/wp-json\/wp\/v2\/posts"}],"about":[{"href":"https:\/\/www.retroparla.com\/index.php\/wp-json\/wp\/v2\/types\/post"}],"author":[{"embeddable":true,"href":"https:\/\/www.retroparla.com\/index.php\/wp-json\/wp\/v2\/users\/2"}],"replies":[{"embeddable":true,"href":"https:\/\/www.retroparla.com\/index.php\/wp-json\/wp\/v2\/comments?post=1176"}],"version-history":[{"count":24,"href":"https:\/\/www.retroparla.com\/index.php\/wp-json\/wp\/v2\/posts\/1176\/revisions"}],"predecessor-version":[{"id":2796,"href":"https:\/\/www.retroparla.com\/index.php\/wp-json\/wp\/v2\/posts\/1176\/revisions\/2796"}],"wp:featuredmedia":[{"embeddable":true,"href":"https:\/\/www.retroparla.com\/index.php\/wp-json\/wp\/v2\/media\/1188"}],"wp:attachment":[{"href":"https:\/\/www.retroparla.com\/index.php\/wp-json\/wp\/v2\/media?parent=1176"}],"wp:term":[{"taxonomy":"category","embeddable":true,"href":"https:\/\/www.retroparla.com\/index.php\/wp-json\/wp\/v2\/categories?post=1176"},{"taxonomy":"post_tag","embeddable":true,"href":"https:\/\/www.retroparla.com\/index.php\/wp-json\/wp\/v2\/tags?post=1176"}],"curies":[{"name":"wp","href":"https:\/\/api.w.org\/{rel}","templated":true}]}}