{"id":1709,"date":"2020-03-06T10:35:28","date_gmt":"2020-03-06T10:35:28","guid":{"rendered":"http:\/\/www.retroparla.com\/?p=1709"},"modified":"2020-12-27T11:48:12","modified_gmt":"2020-12-27T10:48:12","slug":"retro-parla-2020-nuestro-homenaje-al-dia-internacional-de-la-mujer","status":"publish","type":"post","link":"https:\/\/www.retroparla.com\/index.php\/2020\/03\/retro-parla-2020-nuestro-homenaje-al-dia-internacional-de-la-mujer\/","title":{"rendered":"Retro Parla 2020: Nuestro homenaje al D\u00eda Internacional de la Mujer"},"content":{"rendered":"\n<p>La <strong>Asociaci\u00f3n <a rel=\"noreferrer noopener\" aria-label=\"Retro Parla (abre en una nueva pesta\u00f1a)\" href=\"https:\/\/www.retroparla.com\" target=\"_blank\">Retro Parla<\/a><\/strong> rinde homenaje &nbsp;al <strong><a rel=\"noreferrer noopener\" aria-label=\"D\u00eda Internacional de la Mujer (abre en una nueva pesta\u00f1a)\" href=\"https:\/\/es.wikipedia.org\/wiki\/D%C3%ADa_Internacional_de_la_Mujer\" target=\"_blank\">D\u00eda Internacional de la Mujer<\/a><\/strong> los pr\u00f3ximos d\u00edas 7 y 8 de marzo y lo conmemora con una programaci\u00f3n dirigida a todos, que hace especial hincapi\u00e9 en las aportaciones de estas dentro de las \u00e1reas del conocimiento tales como la Ciencia, la Tecnolog\u00eda, la&nbsp; Ingenier\u00eda y las Matem\u00e1ticas (<strong><a rel=\"noreferrer noopener\" aria-label=\"STEM en ingl\u00e9s (abre en una nueva pesta\u00f1a)\" href=\"https:\/\/es.wikipedia.org\/wiki\/Educaci%C3%B3n_STEM\" target=\"_blank\">STEM en ingl\u00e9s<\/a><\/strong>).<\/p>\n\n\n\n<div class=\"wp-block-image\"><figure class=\"alignleft is-resized\"><img data-recalc-dims=\"1\" decoding=\"async\" data-attachment-id=\"1721\" data-permalink=\"https:\/\/www.retroparla.com\/index.php\/2020\/03\/retro-parla-2020-nuestro-homenaje-al-dia-internacional-de-la-mujer\/retroparla2020_definitivo-2\/\" data-orig-file=\"https:\/\/i0.wp.com\/www.retroparla.com\/wp-content\/uploads\/2020\/03\/retroparla2020_DEFINITIVO-2.jpg?fit=2124%2C3000&amp;ssl=1\" data-orig-size=\"2124,3000\" data-comments-opened=\"1\" data-image-meta=\"{&quot;aperture&quot;:&quot;0&quot;,&quot;credit&quot;:&quot;&quot;,&quot;camera&quot;:&quot;&quot;,&quot;caption&quot;:&quot;&quot;,&quot;created_timestamp&quot;:&quot;0&quot;,&quot;copyright&quot;:&quot;&quot;,&quot;focal_length&quot;:&quot;0&quot;,&quot;iso&quot;:&quot;0&quot;,&quot;shutter_speed&quot;:&quot;0&quot;,&quot;title&quot;:&quot;&quot;,&quot;orientation&quot;:&quot;0&quot;}\" data-image-title=\"retroparla2020_DEFINITIVO-2\" data-image-description=\"\" data-image-caption=\"\" data-medium-file=\"https:\/\/i0.wp.com\/www.retroparla.com\/wp-content\/uploads\/2020\/03\/retroparla2020_DEFINITIVO-2.jpg?fit=212%2C300&amp;ssl=1\" data-large-file=\"https:\/\/i0.wp.com\/www.retroparla.com\/wp-content\/uploads\/2020\/03\/retroparla2020_DEFINITIVO-2.jpg?fit=720%2C1017&amp;ssl=1\" src=\"https:\/\/i0.wp.com\/www.retroparla.com\/wp-content\/uploads\/2020\/03\/retroparla2020_DEFINITIVO-2.jpg?resize=227%2C320&#038;ssl=1\" alt=\"\" class=\"wp-image-1721\" width=\"227\" height=\"320\" srcset=\"https:\/\/i0.wp.com\/www.retroparla.com\/wp-content\/uploads\/2020\/03\/retroparla2020_DEFINITIVO-2.jpg?resize=725%2C1024&amp;ssl=1 725w, https:\/\/i0.wp.com\/www.retroparla.com\/wp-content\/uploads\/2020\/03\/retroparla2020_DEFINITIVO-2.jpg?resize=212%2C300&amp;ssl=1 212w, https:\/\/i0.wp.com\/www.retroparla.com\/wp-content\/uploads\/2020\/03\/retroparla2020_DEFINITIVO-2.jpg?resize=768%2C1085&amp;ssl=1 768w, https:\/\/i0.wp.com\/www.retroparla.com\/wp-content\/uploads\/2020\/03\/retroparla2020_DEFINITIVO-2.jpg?w=1440&amp;ssl=1 1440w\" sizes=\"(max-width: 227px) 100vw, 227px\" \/><\/figure><\/div>\n\n\n\n<p>Las actividades previstas por nuestra Asociaci\u00f3n tendr\u00e1n lugar en la <strong><a rel=\"noreferrer noopener\" aria-label=\"Casa de la Juventud de Parla (abre en una nueva pesta\u00f1a)\" href=\"https:\/\/www.ayuntamientoparla.es\/servicios\/juventud\/casa-de-la-juventud\" target=\"_blank\">Casa de la Juventud de Parla<\/a><\/strong> entre los d\u00edas 7 y 8 de marzo de 2020 dentro del evento organizado por la Asociaci\u00f3n, denominado <strong><a href=\"https:\/\/www.retroparla.com\/index.php\/2020\/01\/19\/retro-parla-2020-con-la-ilusion-del-primer-dia\/\" target=\"_blank\" rel=\"noreferrer noopener\" aria-label=\"Retro Parla 2020 \u201cSegundo encuentro Anual\u201d (abre en una nueva pesta\u00f1a)\">Retro Parla 2020 \u201cSegundo encuentro Anual\u201d<\/a><\/strong>, en el que os esperamos a todos.<\/p>\n\n\n\n<p>Las actividades organizadas por la <strong><a rel=\"noreferrer noopener\" aria-label=\"Asociaci\u00f3n (abre en una nueva pesta\u00f1a)\" href=\"https:\/\/www.retroparla.com\" target=\"_blank\">Asociaci\u00f3n<\/a><\/strong> con motivo del <strong><a href=\"https:\/\/es.wikipedia.org\/wiki\/D%C3%ADa_Internacional_de_la_Mujer\" target=\"_blank\" rel=\"noreferrer noopener\" aria-label=\"D\u00eda Internacional de la Mujer (abre en una nueva pesta\u00f1a)\">D\u00eda Internacional de la Mujer<\/a><\/strong> consisten en dos conferencias y una mesa redonda donde diversas profesionales de diferentes disciplinas cient\u00edficas nos hablaran sobre sus experiencias en el campo de la tecnolog\u00eda.<\/p>\n\n\n\n<div class=\"wp-block-image\"><figure class=\"alignleft\"><img data-recalc-dims=\"1\" decoding=\"async\" width=\"225\" height=\"225\" data-attachment-id=\"1719\" data-permalink=\"https:\/\/www.retroparla.com\/index.php\/2020\/03\/retro-parla-2020-nuestro-homenaje-al-dia-internacional-de-la-mujer\/wiges-2\/\" data-orig-file=\"https:\/\/i0.wp.com\/www.retroparla.com\/wp-content\/uploads\/2020\/03\/Wiges.jpg?fit=225%2C225&amp;ssl=1\" data-orig-size=\"225,225\" data-comments-opened=\"1\" data-image-meta=\"{&quot;aperture&quot;:&quot;0&quot;,&quot;credit&quot;:&quot;&quot;,&quot;camera&quot;:&quot;&quot;,&quot;caption&quot;:&quot;&quot;,&quot;created_timestamp&quot;:&quot;0&quot;,&quot;copyright&quot;:&quot;&quot;,&quot;focal_length&quot;:&quot;0&quot;,&quot;iso&quot;:&quot;0&quot;,&quot;shutter_speed&quot;:&quot;0&quot;,&quot;title&quot;:&quot;&quot;,&quot;orientation&quot;:&quot;0&quot;}\" data-image-title=\"Wiges\" data-image-description=\"\" data-image-caption=\"\" data-medium-file=\"https:\/\/i0.wp.com\/www.retroparla.com\/wp-content\/uploads\/2020\/03\/Wiges.jpg?fit=225%2C225&amp;ssl=1\" data-large-file=\"https:\/\/i0.wp.com\/www.retroparla.com\/wp-content\/uploads\/2020\/03\/Wiges.jpg?fit=225%2C225&amp;ssl=1\" src=\"https:\/\/i0.wp.com\/www.retroparla.com\/wp-content\/uploads\/2020\/03\/Wiges.jpg?resize=225%2C225&#038;ssl=1\" alt=\"\" class=\"wp-image-1719\" srcset=\"https:\/\/i0.wp.com\/www.retroparla.com\/wp-content\/uploads\/2020\/03\/Wiges.jpg?w=225&amp;ssl=1 225w, https:\/\/i0.wp.com\/www.retroparla.com\/wp-content\/uploads\/2020\/03\/Wiges.jpg?resize=150%2C150&amp;ssl=1 150w\" sizes=\"(max-width: 225px) 100vw, 225px\" \/><\/figure><\/div>\n\n\n\n<p>La <strong>primera conferencia<\/strong> correr\u00e1 a cargo de <strong>RetroWiges<\/strong>, una <strong>subdivisi\u00f3n de <a rel=\"noreferrer noopener\" aria-label=\"Women in Games Espa\u00f1a (abre en una nueva pesta\u00f1a)\" href=\"https:\/\/womeningameses.com\/\" target=\"_blank\">Women in Games Espa\u00f1a<\/a><\/strong> (de ahora en adelante <strong>WIGES<\/strong>), <strong>Asociaci\u00f3n que ayuda, promueve y da visibilidad a las mujeres desarrolladoras y jugadoras de videojuegos: estudiantes, aficionadas y profesionales<\/strong>. En ella <strong>Igone Mart\u00ednez <\/strong>a trav\u00e9s de su charla titulada <strong>\u2039\u2039Empezando por <a rel=\"noreferrer noopener\" aria-label=\"Carol Shaw (abre en una nueva pesta\u00f1a)\" href=\"https:\/\/es.wikipedia.org\/wiki\/Carol_Shaw\" target=\"_blank\">Carol Shaw<\/a> \u2013 Mujeres desarrolladoras en la historia de los videojuegos\u203a\u203a<\/strong> dar\u00e1 visibilidad y nos contar\u00e1 la apasionante historia de aquellas pioneras que han contribuido al desarrollo de los videojuegos desde el comienzo de esta industria.<\/p>\n\n\n\n<p>La <strong>segunda conferencia<\/strong> tendr\u00e1 como invitada a <strong>Elena Velasco Alarc\u00f3n<\/strong> que nos hablar\u00e1 sobre su <strong>trayectoria profesional<\/strong> y su <strong>experiencia al trabajar para <a href=\"https:\/\/es.wikipedia.org\/wiki\/Klaus_(pel%C3%ADcula)\" target=\"_blank\" rel=\"noreferrer noopener\" aria-label=\"Klaus (abre en una nueva pesta\u00f1a)\">Klaus<\/a>; la galardonada pel\u00edcula de Netflix que ha resucitado el 2D tradicional desde nuestro pa\u00eds<\/strong>.&nbsp; <\/p>\n\n\n\n<figure class=\"wp-block-embed is-type-video is-provider-youtube wp-block-embed-youtube wp-embed-aspect-16-9 wp-has-aspect-ratio\"><div class=\"wp-block-embed__wrapper\">\n<div class=\"video-container\"><span class=\"embed-youtube\" style=\"text-align:center; display: block;\"><iframe class=\"youtube-player\" width=\"720\" height=\"405\" src=\"https:\/\/www.youtube.com\/embed\/ORidbhyH0SA?version=3&#038;rel=1&#038;showsearch=0&#038;showinfo=1&#038;iv_load_policy=1&#038;fs=1&#038;hl=es-ES&#038;autohide=2&#038;wmode=transparent\" allowfullscreen=\"true\" style=\"border:0;\" sandbox=\"allow-scripts allow-same-origin allow-popups allow-presentation allow-popups-to-escape-sandbox\"><\/iframe><\/span><\/div>\n<\/div><\/figure>\n\n\n\n<div class=\"wp-block-image\"><figure class=\"alignleft is-resized\"><img data-recalc-dims=\"1\" decoding=\"async\" data-attachment-id=\"1718\" data-permalink=\"https:\/\/www.retroparla.com\/index.php\/2020\/03\/retro-parla-2020-nuestro-homenaje-al-dia-internacional-de-la-mujer\/auic-line-white-2\/\" data-orig-file=\"https:\/\/i0.wp.com\/www.retroparla.com\/wp-content\/uploads\/2020\/03\/auic-line-white.png?fit=1054%2C410&amp;ssl=1\" data-orig-size=\"1054,410\" data-comments-opened=\"1\" data-image-meta=\"{&quot;aperture&quot;:&quot;0&quot;,&quot;credit&quot;:&quot;&quot;,&quot;camera&quot;:&quot;&quot;,&quot;caption&quot;:&quot;&quot;,&quot;created_timestamp&quot;:&quot;0&quot;,&quot;copyright&quot;:&quot;&quot;,&quot;focal_length&quot;:&quot;0&quot;,&quot;iso&quot;:&quot;0&quot;,&quot;shutter_speed&quot;:&quot;0&quot;,&quot;title&quot;:&quot;&quot;,&quot;orientation&quot;:&quot;0&quot;}\" data-image-title=\"auic-line-white\" data-image-description=\"\" data-image-caption=\"\" data-medium-file=\"https:\/\/i0.wp.com\/www.retroparla.com\/wp-content\/uploads\/2020\/03\/auic-line-white.png?fit=300%2C117&amp;ssl=1\" data-large-file=\"https:\/\/i0.wp.com\/www.retroparla.com\/wp-content\/uploads\/2020\/03\/auic-line-white.png?fit=720%2C280&amp;ssl=1\" src=\"https:\/\/i0.wp.com\/www.retroparla.com\/wp-content\/uploads\/2020\/03\/auic-line-white.png?resize=242%2C94&#038;ssl=1\" alt=\"\" class=\"wp-image-1718\" width=\"242\" height=\"94\" srcset=\"https:\/\/i0.wp.com\/www.retroparla.com\/wp-content\/uploads\/2020\/03\/auic-line-white.png?resize=1024%2C398&amp;ssl=1 1024w, https:\/\/i0.wp.com\/www.retroparla.com\/wp-content\/uploads\/2020\/03\/auic-line-white.png?resize=300%2C117&amp;ssl=1 300w, https:\/\/i0.wp.com\/www.retroparla.com\/wp-content\/uploads\/2020\/03\/auic-line-white.png?resize=768%2C299&amp;ssl=1 768w, https:\/\/i0.wp.com\/www.retroparla.com\/wp-content\/uploads\/2020\/03\/auic-line-white.png?resize=500%2C194&amp;ssl=1 500w, https:\/\/i0.wp.com\/www.retroparla.com\/wp-content\/uploads\/2020\/03\/auic-line-white.png?w=1054&amp;ssl=1 1054w\" sizes=\"(max-width: 242px) 100vw, 242px\" \/><\/figure><\/div>\n\n\n\n<p>Finalmente, la <strong>mesa redonda<\/strong> titulada <strong>\u201cMujeres en inform\u00e1tica: referentes y situaci\u00f3n actual\u201d <\/strong>donde la investigadora del <a rel=\"noreferrer noopener\" href=\"https:\/\/www.csic.es\/\" target=\"_blank\"><strong>CSIC<\/strong><\/a> hasta su jubilaci\u00f3n <a rel=\"noreferrer noopener\" href=\"https:\/\/es.wikipedia.org\/wiki\/Teresa_de_Pedro\" target=\"_blank\"><strong>Teresa de Pedro<\/strong><\/a>, que desarroll\u00f3 buena parte de su carrera en el campo de la <a rel=\"noreferrer noopener\" href=\"https:\/\/es.wikipedia.org\/wiki\/Inteligencia_artificial\" target=\"_blank\"><strong>inteligencia artificial<\/strong><\/a> aplicada a la <a rel=\"noreferrer noopener\" href=\"https:\/\/es.wikipedia.org\/wiki\/Robotica\" target=\"_blank\"><strong>rob\u00f3tica<\/strong><\/a> y a la <a rel=\"noreferrer noopener\" href=\"https:\/\/es.wikipedia.org\/wiki\/Veh%C3%ADculo_aut%C3%B3nomo\" target=\"_blank\"><strong>automatizaci\u00f3n de veh\u00edculos<\/strong><\/a>, y la profesora en el <a rel=\"noreferrer noopener\" href=\"https:\/\/www.etsisi.upm.es\/escuela\/dptos\/atc\" target=\"_blank\"><strong>Departamento de Arquitectura y Tecnolog\u00edas de Sistemas Inform\u00e1ticos de la Universidad Polit\u00e9cnica de Madrid<\/strong><\/a> Victoria Rodellar, directora del <a rel=\"noreferrer noopener\" href=\"http:\/\/www.etsiinf.upm.es\/archivo\/museofi\/museo_contents.html\" target=\"_blank\"><strong>Museo Hist\u00f3rico de Inform\u00e1tica<\/strong><\/a> en dicha universidad, compartir\u00e1n sus apasionantes experiencias profesionales. Adem\u00e1s, el coloquio servir\u00e1 para exponer datos sobre la escasez de mujeres en el \u00e1mbito tecnol\u00f3gico, debatir sobre las posibles causas y plantear ideas para despertar vocaciones <a rel=\"noreferrer noopener\" href=\"https:\/\/es.wikipedia.org\/wiki\/Educaci%C3%B3n_STEM\" target=\"_blank\"><strong>STEM<\/strong><\/a> entre las j\u00f3venes. Modera Cristina S\u00e1nchez. Organizado en colaboraci\u00f3n con la <strong><a rel=\"noreferrer noopener\" aria-label=\"Asociaci\u00f3n de usuarios de Inform\u00e1tica Cl\u00e1sica (AUIC) (abre en una nueva pesta\u00f1a)\" href=\"https:\/\/www.auic.es\/\" target=\"_blank\">Asociaci\u00f3n de usuarios de Inform\u00e1tica Cl\u00e1sica (AUIC)<\/a><\/strong>.<\/p>\n\n\n\n<div class=\"wp-block-image\"><figure class=\"alignleft\"><img data-recalc-dims=\"1\" decoding=\"async\" width=\"225\" height=\"225\" data-attachment-id=\"1717\" data-permalink=\"https:\/\/www.retroparla.com\/index.php\/2020\/03\/retro-parla-2020-nuestro-homenaje-al-dia-internacional-de-la-mujer\/indice-1\/\" data-orig-file=\"https:\/\/i0.wp.com\/www.retroparla.com\/wp-content\/uploads\/2020\/03\/%C3%ADndice-1.jpg?fit=225%2C225&amp;ssl=1\" data-orig-size=\"225,225\" data-comments-opened=\"1\" data-image-meta=\"{&quot;aperture&quot;:&quot;0&quot;,&quot;credit&quot;:&quot;&quot;,&quot;camera&quot;:&quot;&quot;,&quot;caption&quot;:&quot;&quot;,&quot;created_timestamp&quot;:&quot;0&quot;,&quot;copyright&quot;:&quot;&quot;,&quot;focal_length&quot;:&quot;0&quot;,&quot;iso&quot;:&quot;0&quot;,&quot;shutter_speed&quot;:&quot;0&quot;,&quot;title&quot;:&quot;&quot;,&quot;orientation&quot;:&quot;0&quot;}\" data-image-title=\"\u00edndice-1\" data-image-description=\"\" data-image-caption=\"\" data-medium-file=\"https:\/\/i0.wp.com\/www.retroparla.com\/wp-content\/uploads\/2020\/03\/%C3%ADndice-1.jpg?fit=225%2C225&amp;ssl=1\" data-large-file=\"https:\/\/i0.wp.com\/www.retroparla.com\/wp-content\/uploads\/2020\/03\/%C3%ADndice-1.jpg?fit=225%2C225&amp;ssl=1\" src=\"https:\/\/i0.wp.com\/www.retroparla.com\/wp-content\/uploads\/2020\/03\/%C3%ADndice-1.jpg?resize=225%2C225&#038;ssl=1\" alt=\"\" class=\"wp-image-1717\" srcset=\"https:\/\/i0.wp.com\/www.retroparla.com\/wp-content\/uploads\/2020\/03\/%C3%ADndice-1.jpg?w=225&amp;ssl=1 225w, https:\/\/i0.wp.com\/www.retroparla.com\/wp-content\/uploads\/2020\/03\/%C3%ADndice-1.jpg?resize=150%2C150&amp;ssl=1 150w\" sizes=\"(max-width: 225px) 100vw, 225px\" \/><\/figure><\/div>\n\n\n\n<p>Nuestra programaci\u00f3n incluye tambi\u00e9n <strong>dos exposiciones que se podr\u00e1n visitar los d\u00edas 7 y 8 de marzo<\/strong>, la primera &nbsp;denominada <strong>\u201cVISIBLES \u2013 MUJERES EN EL MUNDO DE LA INFORM\u00c1TICA Y LOS VIDEOJUEGOS\u201d<\/strong>, desarrollada por nuestra Asociaci\u00f3n en la que tambi\u00e9n se integra la exposici\u00f3n <strong>\u201cMUSART: Compositoras que hicieron historia\u201d<\/strong> de la Asociaci\u00f3n Mujeres Desarrolladores de Videojuegos (<strong><a rel=\"noreferrer noopener\" aria-label=\"FemDevs (abre en una nueva pesta\u00f1a)\" href=\"https:\/\/femdevs.es\/\" target=\"_blank\">FemDevs<\/a><\/strong>), ambas pod\u00e9is encontrarlas en la primera planta de la nave de la <strong><a rel=\"noreferrer noopener\" aria-label=\"Casa de la Juventud de Parla (abre en una nueva pesta\u00f1a)\" href=\"https:\/\/www.ayuntamientoparla.es\/servicios\/juventud\/casa-de-la-juventud\" target=\"_blank\">Casa de la Juventud de Parla<\/a><\/strong>. <\/p>\n\n\n\n<figure class=\"wp-block-gallery columns-2 is-cropped wp-block-gallery-1 is-layout-flex wp-block-gallery-is-layout-flex\"><ul class=\"blocks-gallery-grid\"><li class=\"blocks-gallery-item\"><figure><img data-recalc-dims=\"1\" decoding=\"async\" width=\"720\" height=\"1018\" data-attachment-id=\"1723\" data-permalink=\"https:\/\/www.retroparla.com\/index.php\/2020\/03\/retro-parla-2020-nuestro-homenaje-al-dia-internacional-de-la-mujer\/expofemdevs\/\" data-orig-file=\"https:\/\/i0.wp.com\/www.retroparla.com\/wp-content\/uploads\/2020\/03\/expoFemdevs.png?fit=2475%2C3500&amp;ssl=1\" data-orig-size=\"2475,3500\" data-comments-opened=\"1\" data-image-meta=\"{&quot;aperture&quot;:&quot;0&quot;,&quot;credit&quot;:&quot;&quot;,&quot;camera&quot;:&quot;&quot;,&quot;caption&quot;:&quot;&quot;,&quot;created_timestamp&quot;:&quot;0&quot;,&quot;copyright&quot;:&quot;&quot;,&quot;focal_length&quot;:&quot;0&quot;,&quot;iso&quot;:&quot;0&quot;,&quot;shutter_speed&quot;:&quot;0&quot;,&quot;title&quot;:&quot;&quot;,&quot;orientation&quot;:&quot;0&quot;}\" data-image-title=\"expoFemdevs\" data-image-description=\"\" data-image-caption=\"\" data-medium-file=\"https:\/\/i0.wp.com\/www.retroparla.com\/wp-content\/uploads\/2020\/03\/expoFemdevs.png?fit=212%2C300&amp;ssl=1\" data-large-file=\"https:\/\/i0.wp.com\/www.retroparla.com\/wp-content\/uploads\/2020\/03\/expoFemdevs.png?fit=720%2C1018&amp;ssl=1\" src=\"https:\/\/i0.wp.com\/www.retroparla.com\/wp-content\/uploads\/2020\/03\/expoFemdevs.png?resize=720%2C1018&#038;ssl=1\" alt=\"\" data-id=\"1723\" data-link=\"https:\/\/www.retroparla.com\/?attachment_id=1723\" class=\"wp-image-1723\" srcset=\"https:\/\/i0.wp.com\/www.retroparla.com\/wp-content\/uploads\/2020\/03\/expoFemdevs.png?resize=724%2C1024&amp;ssl=1 724w, https:\/\/i0.wp.com\/www.retroparla.com\/wp-content\/uploads\/2020\/03\/expoFemdevs.png?resize=212%2C300&amp;ssl=1 212w, https:\/\/i0.wp.com\/www.retroparla.com\/wp-content\/uploads\/2020\/03\/expoFemdevs.png?resize=768%2C1086&amp;ssl=1 768w, https:\/\/i0.wp.com\/www.retroparla.com\/wp-content\/uploads\/2020\/03\/expoFemdevs.png?w=1440&amp;ssl=1 1440w, https:\/\/i0.wp.com\/www.retroparla.com\/wp-content\/uploads\/2020\/03\/expoFemdevs.png?w=2160&amp;ssl=1 2160w\" sizes=\"(max-width: 720px) 100vw, 720px\" \/><\/figure><\/li><li class=\"blocks-gallery-item\"><figure><img data-recalc-dims=\"1\" decoding=\"async\" width=\"720\" height=\"1018\" data-attachment-id=\"1724\" data-permalink=\"https:\/\/www.retroparla.com\/index.php\/2020\/03\/retro-parla-2020-nuestro-homenaje-al-dia-internacional-de-la-mujer\/expomujeres2\/\" data-orig-file=\"https:\/\/i0.wp.com\/www.retroparla.com\/wp-content\/uploads\/2020\/03\/expoMujeres2.png?fit=2475%2C3500&amp;ssl=1\" data-orig-size=\"2475,3500\" data-comments-opened=\"1\" data-image-meta=\"{&quot;aperture&quot;:&quot;0&quot;,&quot;credit&quot;:&quot;&quot;,&quot;camera&quot;:&quot;&quot;,&quot;caption&quot;:&quot;&quot;,&quot;created_timestamp&quot;:&quot;0&quot;,&quot;copyright&quot;:&quot;&quot;,&quot;focal_length&quot;:&quot;0&quot;,&quot;iso&quot;:&quot;0&quot;,&quot;shutter_speed&quot;:&quot;0&quot;,&quot;title&quot;:&quot;&quot;,&quot;orientation&quot;:&quot;0&quot;}\" data-image-title=\"expoMujeres2\" data-image-description=\"\" data-image-caption=\"\" data-medium-file=\"https:\/\/i0.wp.com\/www.retroparla.com\/wp-content\/uploads\/2020\/03\/expoMujeres2.png?fit=212%2C300&amp;ssl=1\" data-large-file=\"https:\/\/i0.wp.com\/www.retroparla.com\/wp-content\/uploads\/2020\/03\/expoMujeres2.png?fit=720%2C1018&amp;ssl=1\" src=\"https:\/\/i0.wp.com\/www.retroparla.com\/wp-content\/uploads\/2020\/03\/expoMujeres2.png?resize=720%2C1018&#038;ssl=1\" alt=\"\" data-id=\"1724\" data-link=\"https:\/\/www.retroparla.com\/?attachment_id=1724\" class=\"wp-image-1724\" srcset=\"https:\/\/i0.wp.com\/www.retroparla.com\/wp-content\/uploads\/2020\/03\/expoMujeres2.png?resize=724%2C1024&amp;ssl=1 724w, https:\/\/i0.wp.com\/www.retroparla.com\/wp-content\/uploads\/2020\/03\/expoMujeres2.png?resize=212%2C300&amp;ssl=1 212w, https:\/\/i0.wp.com\/www.retroparla.com\/wp-content\/uploads\/2020\/03\/expoMujeres2.png?resize=768%2C1086&amp;ssl=1 768w, https:\/\/i0.wp.com\/www.retroparla.com\/wp-content\/uploads\/2020\/03\/expoMujeres2.png?w=1440&amp;ssl=1 1440w, https:\/\/i0.wp.com\/www.retroparla.com\/wp-content\/uploads\/2020\/03\/expoMujeres2.png?w=2160&amp;ssl=1 2160w\" sizes=\"(max-width: 720px) 100vw, 720px\" \/><\/figure><\/li><\/ul><\/figure>\n","protected":false},"excerpt":{"rendered":"<p>La Asociaci\u00f3n Retro Parla rinde homenaje &nbsp;al D\u00eda Internacional de la Mujer los pr\u00f3ximos d\u00edas 7 y 8 de marzo y lo conmemora con una programaci\u00f3n dirigida a todos, que hace especial hincapi\u00e9 en las aportaciones de estas dentro de las \u00e1reas del conocimiento tales como la Ciencia, la&#46;&#46;&#46;<\/p>\n","protected":false},"author":19,"featured_media":1719,"comment_status":"open","ping_status":"open","sticky":false,"template":"","format":"standard","meta":{"_bbp_topic_count":0,"_bbp_reply_count":0,"_bbp_total_topic_count":0,"_bbp_total_reply_count":0,"_bbp_voice_count":0,"_bbp_anonymous_reply_count":0,"_bbp_topic_count_hidden":0,"_bbp_reply_count_hidden":0,"_bbp_forum_subforum_count":0,"jetpack_post_was_ever_published":false,"_jetpack_newsletter_access":"","_jetpack_dont_email_post_to_subs":false,"_jetpack_newsletter_tier_id":0,"_jetpack_memberships_contains_paywalled_content":false,"_jetpack_memberships_contains_paid_content":false,"footnotes":""},"categories":[1],"tags":[],"class_list":["post-1709","post","type-post","status-publish","format-standard","has-post-thumbnail","hentry","category-sin-categoria"],"jetpack_featured_media_url":"https:\/\/i0.wp.com\/www.retroparla.com\/wp-content\/uploads\/2020\/03\/Wiges.jpg?fit=225%2C225&ssl=1","jetpack_likes_enabled":true,"jetpack_shortlink":"https:\/\/wp.me\/pcGicC-rz","jetpack_sharing_enabled":true,"_links":{"self":[{"href":"https:\/\/www.retroparla.com\/index.php\/wp-json\/wp\/v2\/posts\/1709","targetHints":{"allow":["GET"]}}],"collection":[{"href":"https:\/\/www.retroparla.com\/index.php\/wp-json\/wp\/v2\/posts"}],"about":[{"href":"https:\/\/www.retroparla.com\/index.php\/wp-json\/wp\/v2\/types\/post"}],"author":[{"embeddable":true,"href":"https:\/\/www.retroparla.com\/index.php\/wp-json\/wp\/v2\/users\/19"}],"replies":[{"embeddable":true,"href":"https:\/\/www.retroparla.com\/index.php\/wp-json\/wp\/v2\/comments?post=1709"}],"version-history":[{"count":10,"href":"https:\/\/www.retroparla.com\/index.php\/wp-json\/wp\/v2\/posts\/1709\/revisions"}],"predecessor-version":[{"id":2784,"href":"https:\/\/www.retroparla.com\/index.php\/wp-json\/wp\/v2\/posts\/1709\/revisions\/2784"}],"wp:featuredmedia":[{"embeddable":true,"href":"https:\/\/www.retroparla.com\/index.php\/wp-json\/wp\/v2\/media\/1719"}],"wp:attachment":[{"href":"https:\/\/www.retroparla.com\/index.php\/wp-json\/wp\/v2\/media?parent=1709"}],"wp:term":[{"taxonomy":"category","embeddable":true,"href":"https:\/\/www.retroparla.com\/index.php\/wp-json\/wp\/v2\/categories?post=1709"},{"taxonomy":"post_tag","embeddable":true,"href":"https:\/\/www.retroparla.com\/index.php\/wp-json\/wp\/v2\/tags?post=1709"}],"curies":[{"name":"wp","href":"https:\/\/api.w.org\/{rel}","templated":true}]}}