{"id":4753,"date":"2022-02-27T09:13:00","date_gmt":"2022-02-27T08:13:00","guid":{"rendered":"https:\/\/www.retroparla.com\/?p=4753"},"modified":"2022-03-04T13:53:32","modified_gmt":"2022-03-04T12:53:32","slug":"retro-parla-2022-charlas","status":"publish","type":"post","link":"https:\/\/www.retroparla.com\/index.php\/2022\/02\/retro-parla-2022-charlas\/","title":{"rendered":"Retro Parla 2022, charlas"},"content":{"rendered":"\n<div class=\"wp-block-image\"><figure class=\"aligncenter size-large is-resized\"><img decoding=\"async\" data-attachment-id=\"5168\" data-permalink=\"https:\/\/www.retroparla.com\/index.php\/2022\/02\/retro-parla-2022-charlas\/retroparla2022_cartel_charlas_20200223-1\/\" data-orig-file=\"https:\/\/i0.wp.com\/www.retroparla.com\/wp-content\/uploads\/2022\/02\/RetroParla2022_cartel_charlas_20200223-1-scaled.jpg?fit=2560%2C1810&amp;ssl=1\" data-orig-size=\"2560,1810\" data-comments-opened=\"1\" data-image-meta=\"{&quot;aperture&quot;:&quot;0&quot;,&quot;credit&quot;:&quot;&quot;,&quot;camera&quot;:&quot;&quot;,&quot;caption&quot;:&quot;&quot;,&quot;created_timestamp&quot;:&quot;0&quot;,&quot;copyright&quot;:&quot;&quot;,&quot;focal_length&quot;:&quot;0&quot;,&quot;iso&quot;:&quot;0&quot;,&quot;shutter_speed&quot;:&quot;0&quot;,&quot;title&quot;:&quot;&quot;,&quot;orientation&quot;:&quot;0&quot;}\" data-image-title=\"RetroParla2022_cartel_charlas_20200223-1\" data-image-description=\"\" data-image-caption=\"\" data-medium-file=\"https:\/\/i0.wp.com\/www.retroparla.com\/wp-content\/uploads\/2022\/02\/RetroParla2022_cartel_charlas_20200223-1-scaled.jpg?fit=300%2C212&amp;ssl=1\" data-large-file=\"https:\/\/i0.wp.com\/www.retroparla.com\/wp-content\/uploads\/2022\/02\/RetroParla2022_cartel_charlas_20200223-1-scaled.jpg?fit=720%2C509&amp;ssl=1\" src=\"https:\/\/i0.wp.com\/www.retroparla.com\/wp-content\/uploads\/2022\/02\/RetroParla2022_cartel_charlas_20200223-1-scaled.jpg?fit=720%2C509&amp;ssl=1\" alt=\"\" class=\"wp-image-5168\" width=\"840\" height=\"594\" srcset=\"https:\/\/i0.wp.com\/www.retroparla.com\/wp-content\/uploads\/2022\/02\/RetroParla2022_cartel_charlas_20200223-1-scaled.jpg?w=2560&amp;ssl=1 2560w, https:\/\/i0.wp.com\/www.retroparla.com\/wp-content\/uploads\/2022\/02\/RetroParla2022_cartel_charlas_20200223-1-scaled.jpg?resize=300%2C212&amp;ssl=1 300w, https:\/\/i0.wp.com\/www.retroparla.com\/wp-content\/uploads\/2022\/02\/RetroParla2022_cartel_charlas_20200223-1-scaled.jpg?resize=1024%2C724&amp;ssl=1 1024w, https:\/\/i0.wp.com\/www.retroparla.com\/wp-content\/uploads\/2022\/02\/RetroParla2022_cartel_charlas_20200223-1-scaled.jpg?resize=768%2C543&amp;ssl=1 768w, https:\/\/i0.wp.com\/www.retroparla.com\/wp-content\/uploads\/2022\/02\/RetroParla2022_cartel_charlas_20200223-1-scaled.jpg?resize=1536%2C1086&amp;ssl=1 1536w, https:\/\/i0.wp.com\/www.retroparla.com\/wp-content\/uploads\/2022\/02\/RetroParla2022_cartel_charlas_20200223-1-scaled.jpg?resize=2048%2C1448&amp;ssl=1 2048w, https:\/\/i0.wp.com\/www.retroparla.com\/wp-content\/uploads\/2022\/02\/RetroParla2022_cartel_charlas_20200223-1-scaled.jpg?w=1440&amp;ssl=1 1440w, https:\/\/i0.wp.com\/www.retroparla.com\/wp-content\/uploads\/2022\/02\/RetroParla2022_cartel_charlas_20200223-1-scaled.jpg?w=2160&amp;ssl=1 2160w\" sizes=\"(max-width: 720px) 100vw, 720px\" \/><\/figure><\/div>\n\n\n\n<hr class=\"wp-block-separator is-style-wide\"\/>\n\n\n\n<p class=\"has-text-align-center has-black-color has-text-color has-large-font-size\"><strong>S\u00e1bado 5 de marzo de 2022<\/strong><\/p>\n\n\n\n<hr class=\"wp-block-separator is-style-wide\"\/>\n\n\n\n<figure class=\"wp-block-image size-large\"><img data-recalc-dims=\"1\" decoding=\"async\" width=\"720\" height=\"257\" data-attachment-id=\"4825\" data-permalink=\"https:\/\/www.retroparla.com\/index.php\/2022\/02\/retro-parla-2022-charlas\/gabriel\/\" data-orig-file=\"https:\/\/i0.wp.com\/www.retroparla.com\/wp-content\/uploads\/2022\/01\/Gabriel.jpg?fit=1189%2C425&amp;ssl=1\" data-orig-size=\"1189,425\" data-comments-opened=\"1\" data-image-meta=\"{&quot;aperture&quot;:&quot;0&quot;,&quot;credit&quot;:&quot;Alvaro&quot;,&quot;camera&quot;:&quot;&quot;,&quot;caption&quot;:&quot;&quot;,&quot;created_timestamp&quot;:&quot;1643493364&quot;,&quot;copyright&quot;:&quot;&quot;,&quot;focal_length&quot;:&quot;0&quot;,&quot;iso&quot;:&quot;0&quot;,&quot;shutter_speed&quot;:&quot;0&quot;,&quot;title&quot;:&quot;&quot;,&quot;orientation&quot;:&quot;0&quot;}\" data-image-title=\"Gabriel\" data-image-description=\"\" data-image-caption=\"\" data-medium-file=\"https:\/\/i0.wp.com\/www.retroparla.com\/wp-content\/uploads\/2022\/01\/Gabriel.jpg?fit=300%2C107&amp;ssl=1\" data-large-file=\"https:\/\/i0.wp.com\/www.retroparla.com\/wp-content\/uploads\/2022\/01\/Gabriel.jpg?fit=720%2C257&amp;ssl=1\" src=\"https:\/\/i0.wp.com\/www.retroparla.com\/wp-content\/uploads\/2022\/01\/Gabriel.jpg?resize=720%2C257&#038;ssl=1\" alt=\"\" class=\"wp-image-4825\" srcset=\"https:\/\/i0.wp.com\/www.retroparla.com\/wp-content\/uploads\/2022\/01\/Gabriel.jpg?resize=1024%2C366&amp;ssl=1 1024w, https:\/\/i0.wp.com\/www.retroparla.com\/wp-content\/uploads\/2022\/01\/Gabriel.jpg?resize=300%2C107&amp;ssl=1 300w, https:\/\/i0.wp.com\/www.retroparla.com\/wp-content\/uploads\/2022\/01\/Gabriel.jpg?resize=768%2C275&amp;ssl=1 768w, https:\/\/i0.wp.com\/www.retroparla.com\/wp-content\/uploads\/2022\/01\/Gabriel.jpg?w=1189&amp;ssl=1 1189w\" sizes=\"(max-width: 720px) 100vw, 720px\" \/><\/figure>\n\n\n\n<p>  <strong>Gabriel Caffarena<\/strong> <strong>&#8211;<\/strong> <a href=\"https:\/\/twitter.com\/gacaffe\" target=\"_blank\" rel=\"noreferrer noopener\">@gacaffe<\/a> &#8211; <a rel=\"noreferrer noopener\" href=\"https:\/\/gacaffe.net\/\" target=\"_blank\">https:\/\/gacaffe.net\/<\/a><\/p>\n\n\n\n<p class=\"has-black-color has-text-color has-large-font-size\"><strong>\u00abLas aportaciones de Federico Faggin: el apasionante viaje desde el transistor a la teor\u00eda de la consciencia\u00bb<\/strong><\/p>\n\n\n\n<p class=\"has-vivid-cyan-blue-color has-text-color\"> <strong>S\u00e1bado, 5 de marzo, a las 11:00, Casa de la Juventud de Parla, edificio multifunci\u00f3n, planta baja, hall de entrada<\/strong>.  <\/p>\n\n\n\n<p>En esta charla junto con Gabriel daremos un paseo por las fascinantes creaciones de Federico Faggin: la microelectr\u00f3nica actual, el microprocesador, las pantallas t\u00e1ctiles, etc.<\/p>\n\n\n\n<p><strong>Gabriel Caffarena<\/strong> es profesor titular de Ingenier\u00eda en la Universidad San Pablo CEU, Doctor Ingeniero por la Universidad Polit\u00e9cnica de Madrid y sus investigaciones se centran en el procesamiento de se\u00f1ales biom\u00e9dicas mediante sistemas de bajo coste y de altas prestaciones (FPGA y GPU). En sus ratos libres se dedica a la m\u00fasica, le gusta tocar la guitarra y el piano y compone m\u00fasica chiptune. <\/p>\n\n\n\n<hr class=\"wp-block-separator is-style-wide\"\/>\n\n\n\n<figure class=\"wp-block-image size-full\"><img data-recalc-dims=\"1\" decoding=\"async\" width=\"720\" height=\"254\" data-attachment-id=\"5175\" data-permalink=\"https:\/\/www.retroparla.com\/index.php\/2022\/02\/retro-parla-2022-charlas\/cabeceradinamic\/\" data-orig-file=\"https:\/\/i0.wp.com\/www.retroparla.com\/wp-content\/uploads\/2022\/02\/CabeceraDinamic.jpg?fit=909%2C321&amp;ssl=1\" data-orig-size=\"909,321\" data-comments-opened=\"1\" data-image-meta=\"{&quot;aperture&quot;:&quot;0&quot;,&quot;credit&quot;:&quot;Alvaro&quot;,&quot;camera&quot;:&quot;&quot;,&quot;caption&quot;:&quot;&quot;,&quot;created_timestamp&quot;:&quot;0&quot;,&quot;copyright&quot;:&quot;&quot;,&quot;focal_length&quot;:&quot;0&quot;,&quot;iso&quot;:&quot;0&quot;,&quot;shutter_speed&quot;:&quot;0&quot;,&quot;title&quot;:&quot;&quot;,&quot;orientation&quot;:&quot;0&quot;}\" data-image-title=\"CabeceraDinamic\" data-image-description=\"\" data-image-caption=\"\" data-medium-file=\"https:\/\/i0.wp.com\/www.retroparla.com\/wp-content\/uploads\/2022\/02\/CabeceraDinamic.jpg?fit=300%2C106&amp;ssl=1\" data-large-file=\"https:\/\/i0.wp.com\/www.retroparla.com\/wp-content\/uploads\/2022\/02\/CabeceraDinamic.jpg?fit=720%2C254&amp;ssl=1\" src=\"https:\/\/i0.wp.com\/www.retroparla.com\/wp-content\/uploads\/2022\/02\/CabeceraDinamic.jpg?resize=720%2C254&#038;ssl=1\" alt=\"\" class=\"wp-image-5175\" srcset=\"https:\/\/i0.wp.com\/www.retroparla.com\/wp-content\/uploads\/2022\/02\/CabeceraDinamic.jpg?w=909&amp;ssl=1 909w, https:\/\/i0.wp.com\/www.retroparla.com\/wp-content\/uploads\/2022\/02\/CabeceraDinamic.jpg?resize=300%2C106&amp;ssl=1 300w, https:\/\/i0.wp.com\/www.retroparla.com\/wp-content\/uploads\/2022\/02\/CabeceraDinamic.jpg?resize=768%2C271&amp;ssl=1 768w\" sizes=\"(max-width: 720px) 100vw, 720px\" \/><\/figure>\n\n\n\n<p>  <strong>Jes\u00fas Mart\u00ednez del Vas<\/strong> <strong>&#8211;<\/strong> <a href=\"https:\/\/twitter.com\/YedaiJamao\" target=\"_blank\" rel=\"noreferrer noopener\">@YedaiJamao<\/a><\/p>\n\n\n\n<p>  <strong>Lu\u00eds Rodr\u00edguez Soler<\/strong> <strong>&#8211;<\/strong> <a href=\"https:\/\/twitter.com\/luisrsoler2017\" target=\"_blank\" rel=\"noreferrer noopener\">@luisrsoler2017<\/a><\/p>\n\n\n\n<p class=\"has-black-color has-text-color has-large-font-size\"><strong>\u00abPresentaci\u00f3n del libro: La historia de Dinamic\u00bb<\/strong><\/p>\n\n\n\n<p class=\"has-vivid-cyan-blue-color has-text-color\"> <strong>S\u00e1bado, 5 de marzo, a las 12:15, Casa de la Juventud de Parla, edificio multifunci\u00f3n, planta baja, hall de entrada<\/strong>.  <\/p>\n\n\n\n<p>Decir \u00abDINAMIC\u00bb es m\u00e1s que suficiente para que tu cabeza empiece a hilvanar recuerdos. No es para menos, porque, gracias a ellos, pudiste disfrutar en los a\u00f1os 80 de juegos como Fernando Mart\u00edn Basket Master, Game Over, Abu Simbel Profanation, Camelot Warriors o Army Moves.<\/p>\n\n\n\n<p>Tres hermanos, Nacho, V\u00edctor y Pablo Ruiz, montaron en su casa un fenomenal tinglado vendiendo juegos caseros por correo. Las sacas de Correos inundaron cada rinc\u00f3n con miles de pedidos, que atend\u00edan fabricando ellos mismos las cintas de casete y sus respectivas car\u00e1tulas. Tan solo tres a\u00f1os despu\u00e9s facturaban en cada ejercicio 140 millones de pesetas y fueron nombrados Mejor Empresa Joven de 1987, apareciendo en portada de El Pa\u00eds Semanal. \u00bfQuieres saber c\u00f3mo llegaron sus juegos a tu estanter\u00eda? Solo tienes que escucharlos un ratito, o dos&#8230;<\/p>\n\n\n\n<p><strong>Jes\u00fas Mart\u00ednez del Vas<\/strong> (m\u00e1s conocido como JMV) tras licenciarse en Arquitectura, se lanz\u00f3 al mundo del dibujo. Con sus dibujos ha colaborado en revistas de cine y de videojuegos. Ha ganado diversos premios, tales como \u00abPremio concurso joven y brillante 99\u00bb de Humor gr\u00e1fico y el \u00abPremio al mejor autor novel\u00bb en el Expoc\u00f3mic de Madrid de 2002. Entre sus obras destacan las parodias a la obra de J. R. R. Tolkien El Hobbit con \u00abEl Jovit\u00bb, e igualmente de El Se\u00f1or de los Anillos con los tomos \u00abEl Se\u00f1or de los Panchitos (Volumen I y II)\u00bb. De este modo tambi\u00e9n ha parodiado a la saga Star Wars. Ha escrito para Random House los guiones de los c\u00f3mics del personaje <a rel=\"noreferrer noopener\" href=\"https:\/\/es.wikipedia.org\/wiki\/C%C3%A1lico_Electr%C3%B3nico\" target=\"_blank\">C\u00e1lico Electr\u00f3nico<\/a><\/p>\n\n\n\n<p>Durante el <a href=\"https:\/\/es.wikipedia.org\/wiki\/Expoc%C3%B3mic\" target=\"_blank\" rel=\"noreferrer noopener\">Expoc\u00f3mic<\/a> de Madrid de 2007,\u200b Jes\u00fas Mart\u00ednez present\u00f3 su tercera edici\u00f3n de \u00abEl Jovit\u00bb, que cuenta con material in\u00e9dito, un pr\u00f3logo de Niko (C\u00e1lico Electr\u00f3nico) y varias ilustraciones nuevas.<\/p>\n\n\n\n<p>En septiembre de 2014 empez\u00f3 a colaborar en la revista sat\u00edrica <a href=\"https:\/\/es.wikipedia.org\/wiki\/El_Jueves\" target=\"_blank\" rel=\"noreferrer noopener\">El Jueves<\/a> con la serie Tecno.<\/p>\n\n\n\n<p>Desde hace varios a\u00f1os es colaborador del podcast \u00abEl Mundo del Spectrum\u00bb, siendo coautor de los libros \u00abEl Mundo del Spectrum\u00bb y \u00abEl Mundo del Spectrum +\u00bb. Tambi\u00e9n es autor en solitario de \u00abLa Aventura Colosal\u00bb, un libro sobre la historia de los videojuegos de tipo conversacional (que usan el texto como sistema de juego). En noviembre de 2019 lanz\u00f3 al mercado el libro <em>Queremos Su Dinero<\/em>, una biograf\u00eda novelizada de Jos\u00e9 Luis Dom\u00ednguez, el empresario que trajo a Espa\u00f1a la marca <a rel=\"noreferrer noopener\" href=\"https:\/\/es.wikipedia.org\/wiki\/Amstrad\" target=\"_blank\">Amstrad<\/a> y se hizo multimillonario gracias a ella.<\/p>\n\n\n\n<p><strong>Lu\u00eds Rodr\u00edguez Soler<\/strong> es Licenciado en Ciencias Econ\u00f3micas y Empresariales \u2013 Financiaci\u00f3n y Auditor\u00eda (Administraci\u00f3n de Empresas) por CUNEF. Auditor Interno Diplomado por Instituto de Auditores Internos AID (<em>Institute of Internal Auditors<\/em> (I.I.A). Experto Externo en Prevenci\u00f3n de Blanqueo Acreditado ante SEPBLAC . ACAMS <em>Teacher Certified<\/em>.<\/p>\n\n\n\n<p>Lu\u00eds ha sido Game Designer en DINAMIC y FX de m\u00e1s de una docena de juegos que son referentes del sector. Desde 1984 comenz\u00f3 su andadura en el gremio del videojuego en DINAMIC con los hermanos Ruiz, amigos suyos desde la infancia. Desarroll\u00f3 con ellos m\u00e1s de una decena de videojuegos, comenz\u00f3 aportando la m\u00fasica, dise\u00f1ando las car\u00e1tulas de sus primeros juegos en el mercado, hasta contratar al maestro Azpiri, desarrollando posteriormente los guiones y gr\u00e1ficos digitales en los soportes de los 80: ZX Spectrum, Amstrad , Commodore y MSX. Posteriormente, en la etapa de FX Interactive, colabor\u00f3 en el dise\u00f1o de personajes y gui\u00f3n en la versi\u00f3n para PC, arcade e internet de \u201cNavy Moves\u201d<\/p>\n\n\n\n<p>Actualemente es Socio Consultor Experto internacional, con m\u00e1s de 30 a\u00f1os de experiencia en Asesor\u00eda Empresarial GRC (Buen Gobierno, Riesgos, Cumplimiento y Compliance Penal). En 2019 crea PlayZen, consultora especializada en asesor\u00eda de negocio en videojuegos, asesorando a compa\u00f1\u00edas Indies e impartiendo clases en Masters del gremio (UTAD).<\/p>\n\n\n\n<p>Lu\u00eds es ponente habitual en Foros y Ferias de GAME. Profesor experto en las citadas materias en universidades (UC3M Carlos III, San Pablo CEU, UPM, Universidad de Granada, Europea) , instituciones (IAI, IE, ESADE, SEI, INBLAC, ACAMs) , m\u00e1sters y conferencias nacionales e internacionales.<\/p>\n\n\n\n<hr class=\"wp-block-separator is-style-wide\"\/>\n\n\n\n<figure class=\"wp-block-image size-large\"><img data-recalc-dims=\"1\" decoding=\"async\" width=\"720\" height=\"255\" data-attachment-id=\"4754\" data-permalink=\"https:\/\/www.retroparla.com\/index.php\/2022\/02\/retro-parla-2022-charlas\/edu1\/\" data-orig-file=\"https:\/\/i0.wp.com\/www.retroparla.com\/wp-content\/uploads\/2022\/01\/Edu1.jpg?fit=1236%2C438&amp;ssl=1\" data-orig-size=\"1236,438\" data-comments-opened=\"1\" data-image-meta=\"{&quot;aperture&quot;:&quot;0&quot;,&quot;credit&quot;:&quot;Alvaro&quot;,&quot;camera&quot;:&quot;&quot;,&quot;caption&quot;:&quot;&quot;,&quot;created_timestamp&quot;:&quot;0&quot;,&quot;copyright&quot;:&quot;&quot;,&quot;focal_length&quot;:&quot;0&quot;,&quot;iso&quot;:&quot;0&quot;,&quot;shutter_speed&quot;:&quot;0&quot;,&quot;title&quot;:&quot;&quot;,&quot;orientation&quot;:&quot;0&quot;}\" data-image-title=\"Edu1\" data-image-description=\"\" data-image-caption=\"\" data-medium-file=\"https:\/\/i0.wp.com\/www.retroparla.com\/wp-content\/uploads\/2022\/01\/Edu1.jpg?fit=300%2C106&amp;ssl=1\" data-large-file=\"https:\/\/i0.wp.com\/www.retroparla.com\/wp-content\/uploads\/2022\/01\/Edu1.jpg?fit=720%2C255&amp;ssl=1\" src=\"https:\/\/i0.wp.com\/www.retroparla.com\/wp-content\/uploads\/2022\/01\/Edu1.jpg?resize=720%2C255&#038;ssl=1\" alt=\"\" class=\"wp-image-4754\" srcset=\"https:\/\/i0.wp.com\/www.retroparla.com\/wp-content\/uploads\/2022\/01\/Edu1.jpg?resize=1024%2C363&amp;ssl=1 1024w, https:\/\/i0.wp.com\/www.retroparla.com\/wp-content\/uploads\/2022\/01\/Edu1.jpg?resize=300%2C106&amp;ssl=1 300w, https:\/\/i0.wp.com\/www.retroparla.com\/wp-content\/uploads\/2022\/01\/Edu1.jpg?resize=768%2C272&amp;ssl=1 768w, https:\/\/i0.wp.com\/www.retroparla.com\/wp-content\/uploads\/2022\/01\/Edu1.jpg?w=1236&amp;ssl=1 1236w\" sizes=\"(max-width: 720px) 100vw, 720px\" \/><\/figure>\n\n\n\n<p class=\"has-medium-font-size\"><strong>Eduardo S\u00e1enz de Cabez\u00f3n<\/strong> &#8211; <a href=\"https:\/\/twitter.com\/edusadeci\" target=\"_blank\" rel=\"noreferrer noopener\">@edusadeci<\/a><\/p>\n\n\n\n<p class=\"has-black-color has-text-color has-large-font-size\"><strong>\u00abN\u00fameros grandes, enormes, descomunales y desorbitados\u00bb<\/strong><\/p>\n\n\n\n<p class=\"has-vivid-cyan-blue-color has-text-color has-medium-font-size\"><strong>S\u00e1bado, 5 de marzo, a las 13:30, Casa de la Juventud de Parla, edificio multifunci\u00f3n, planta baja, hall de entrada<\/strong>.<\/p>\n\n\n\n<p>En esta charla, Eduardo nos platear\u00e1 muchas cuestiones, tales como: \u00bfCu\u00e1l es el n\u00famero m\u00e1s grande que conoces? \u00bfLo puedes escribir? Entonces a lo mejor no es tan grande. Los humanos tenemos ciertas dificultades con n\u00fameros muy, muy grandes, pero \u00bfy los ordenadores? \u00bfExiste alg\u00fan n\u00famero que ning\u00fan ordenador podr\u00e1 calcular nunca, pero nunca, nunca, nunca? En esta charla va a dar respuesta a todos estos interrogantes, y a m\u00e1s&#8230;<\/p>\n\n\n\n<p><strong>Eduardo S\u00e1enz de Cabez\u00f3n<\/strong> es licenciado en Teolog\u00eda, Licenciado en Matem\u00e1ticas y Doctor en Matem\u00e1ticas. Es Profesor Titular del Departamento de Matem\u00e1ticas y Computaci\u00f3n en la Universidad de La Rioja. Realiza labores de divulgaci\u00f3n de las matem\u00e1ticas en distintos \u00e1mbitos (universitario, educaci\u00f3n<br>secundaria, p\u00fablico general, medios de comunicaci\u00f3n), realiza charlas, ponencias, talleres y cursos de comunicaci\u00f3n y divulgaci\u00f3n matem\u00e1tica.<\/p>\n\n\n\n<hr class=\"wp-block-separator is-style-wide\"\/>\n\n\n\n<figure class=\"wp-block-image size-large\"><img data-recalc-dims=\"1\" decoding=\"async\" width=\"720\" height=\"186\" data-attachment-id=\"5242\" data-permalink=\"https:\/\/www.retroparla.com\/index.php\/2022\/02\/retro-parla-2022-charlas\/topodef\/\" data-orig-file=\"https:\/\/i0.wp.com\/www.retroparla.com\/wp-content\/uploads\/2022\/02\/TopoDEF.jpg?fit=1221%2C316&amp;ssl=1\" data-orig-size=\"1221,316\" data-comments-opened=\"1\" data-image-meta=\"{&quot;aperture&quot;:&quot;0&quot;,&quot;credit&quot;:&quot;Alvaro&quot;,&quot;camera&quot;:&quot;&quot;,&quot;caption&quot;:&quot;&quot;,&quot;created_timestamp&quot;:&quot;0&quot;,&quot;copyright&quot;:&quot;&quot;,&quot;focal_length&quot;:&quot;0&quot;,&quot;iso&quot;:&quot;0&quot;,&quot;shutter_speed&quot;:&quot;0&quot;,&quot;title&quot;:&quot;&quot;,&quot;orientation&quot;:&quot;0&quot;}\" data-image-title=\"TopoDEF\" data-image-description=\"\" data-image-caption=\"\" data-medium-file=\"https:\/\/i0.wp.com\/www.retroparla.com\/wp-content\/uploads\/2022\/02\/TopoDEF.jpg?fit=300%2C78&amp;ssl=1\" data-large-file=\"https:\/\/i0.wp.com\/www.retroparla.com\/wp-content\/uploads\/2022\/02\/TopoDEF.jpg?fit=720%2C186&amp;ssl=1\" src=\"https:\/\/i0.wp.com\/www.retroparla.com\/wp-content\/uploads\/2022\/02\/TopoDEF.jpg?resize=720%2C186&#038;ssl=1\" alt=\"\" class=\"wp-image-5242\" srcset=\"https:\/\/i0.wp.com\/www.retroparla.com\/wp-content\/uploads\/2022\/02\/TopoDEF.jpg?resize=1024%2C265&amp;ssl=1 1024w, https:\/\/i0.wp.com\/www.retroparla.com\/wp-content\/uploads\/2022\/02\/TopoDEF.jpg?resize=300%2C78&amp;ssl=1 300w, https:\/\/i0.wp.com\/www.retroparla.com\/wp-content\/uploads\/2022\/02\/TopoDEF.jpg?resize=768%2C199&amp;ssl=1 768w, https:\/\/i0.wp.com\/www.retroparla.com\/wp-content\/uploads\/2022\/02\/TopoDEF.jpg?w=1221&amp;ssl=1 1221w\" sizes=\"(max-width: 720px) 100vw, 720px\" \/><\/figure>\n\n\n\n<p>  <strong>Alfonso Fern\u00e1ndez Borro<\/strong> &#8211; <a rel=\"noreferrer noopener\" href=\"https:\/\/topo-sigloxxi.webnode.es\/\" target=\"_blank\">https:\/\/topo-sigloxxi.webnode.es\/<\/a><\/p>\n\n\n\n<p><strong>  Guillermo Coll Ferrari<\/strong> &#8211; <a rel=\"noreferrer noopener\" href=\"https:\/\/www.facebook.com\/guillermocoll\" target=\"_blank\">https:\/\/www.facebook.com\/guillermocoll<\/a> <\/p>\n\n\n\n<p class=\"has-black-color has-text-color has-large-font-size\"><strong>\u00abDe Topo a Topo Siglo XXI: pasado, presente y futuro\u00bb<\/strong><\/p>\n\n\n\n<p class=\"has-vivid-cyan-blue-color has-text-color\"> <strong>S\u00e1bado, 5 de marzo, a las 16:30, Casa de la Juventud de Parla, edificio multifunci\u00f3n, planta baja, hall de entrada<\/strong>.  <\/p>\n\n\n\n<p>En esta charla, Alfonso y Guillermo nos contar\u00e1n la forma en que se conocieron y de donde surgi\u00f3 la idea de reeditar los juegos f\u00edsicos. <\/p>\n\n\n\n<p>Por otro lado, Alfonso nos hablar\u00e1 de su trayectoria profesional recordando sus comienzos en los viejos y dorados tiempos en Topo Soft, recorriendo todo un arco\u00edris de empresas relacionadas con el videojuego y el entretenimiento, hasta llegar a Topo Siglo XXI, que supuso un punto de inflexi\u00f3n y de dulce retorno al pasado para recuperar ese viejo tesoro de 8 bits, relacionado con la antigua Topo Soft y otras compa\u00f1\u00edas, enterrado en los recuerdos de un par\u00e9ntesis de m\u00e1s de 30 a\u00f1os.<\/p>\n\n\n\n<p><strong>Alfonso Fern\u00e1ndez Borro<\/strong> trabaj\u00f3 como grafista en Topo Soft donde fue responsable de los gr\u00e1ficos de gran cantidad de juegos, entre los que se encuentran grandes mitos de la Edad de Oro, como Viaje al Centro de la Tierra, Rock&#8217;n Roller, Gremlins 2, R.A.M, Zona 0 o el Casanova de Iber Soft, entre muchos otros.<\/p>\n\n\n\n<p class=\"has-black-color has-text-color\"><strong>Guillermo Coll Ferrari<\/strong> ha dedicado m\u00e1s de 25 a\u00f1os ininterrumpidos a estudiar en diferentes universidades y diversas \u00e1reas. Licenciado en: econ\u00f3micas, filolog\u00eda eslava, arquitectura y doctor en estudios literarios. Paralelamente, ha escrito 2 obras de teatro, 5 novelas, 3 libros de relatos, 2 libros de ensayos sobre literatura, 1 gui\u00f3n de cine y 2 libros de poes\u00eda. Habla 7 idiomas y conoce sus culturas. Tiene experiencia como docente en diferentes organismos p\u00fablicos. Adem\u00e1s, es socio del estudio de arquitectura Ofintarch.<\/p>\n\n\n\n<hr class=\"wp-block-separator is-style-wide\"\/>\n\n\n\n<figure class=\"wp-block-image size-full\"><img data-recalc-dims=\"1\" decoding=\"async\" width=\"720\" height=\"224\" data-attachment-id=\"5160\" data-permalink=\"https:\/\/www.retroparla.com\/index.php\/2022\/02\/retro-parla-2022-charlas\/caratula_def\/\" data-orig-file=\"https:\/\/i0.wp.com\/www.retroparla.com\/wp-content\/uploads\/2022\/02\/Caratula_DEF.jpg?fit=831%2C259&amp;ssl=1\" data-orig-size=\"831,259\" data-comments-opened=\"1\" data-image-meta=\"{&quot;aperture&quot;:&quot;0&quot;,&quot;credit&quot;:&quot;Alvaro&quot;,&quot;camera&quot;:&quot;&quot;,&quot;caption&quot;:&quot;&quot;,&quot;created_timestamp&quot;:&quot;1645824916&quot;,&quot;copyright&quot;:&quot;&quot;,&quot;focal_length&quot;:&quot;0&quot;,&quot;iso&quot;:&quot;0&quot;,&quot;shutter_speed&quot;:&quot;0&quot;,&quot;title&quot;:&quot;&quot;,&quot;orientation&quot;:&quot;0&quot;}\" data-image-title=\"Caratula_DEF\" data-image-description=\"\" data-image-caption=\"\" data-medium-file=\"https:\/\/i0.wp.com\/www.retroparla.com\/wp-content\/uploads\/2022\/02\/Caratula_DEF.jpg?fit=300%2C94&amp;ssl=1\" data-large-file=\"https:\/\/i0.wp.com\/www.retroparla.com\/wp-content\/uploads\/2022\/02\/Caratula_DEF.jpg?fit=720%2C224&amp;ssl=1\" src=\"https:\/\/i0.wp.com\/www.retroparla.com\/wp-content\/uploads\/2022\/02\/Caratula_DEF.jpg?resize=720%2C224&#038;ssl=1\" alt=\"\" class=\"wp-image-5160\" srcset=\"https:\/\/i0.wp.com\/www.retroparla.com\/wp-content\/uploads\/2022\/02\/Caratula_DEF.jpg?w=831&amp;ssl=1 831w, https:\/\/i0.wp.com\/www.retroparla.com\/wp-content\/uploads\/2022\/02\/Caratula_DEF.jpg?resize=300%2C94&amp;ssl=1 300w, https:\/\/i0.wp.com\/www.retroparla.com\/wp-content\/uploads\/2022\/02\/Caratula_DEF.jpg?resize=768%2C239&amp;ssl=1 768w\" sizes=\"(max-width: 720px) 100vw, 720px\" \/><\/figure>\n\n\n\n<p>  <strong>Mikel Navarro Ayensa<\/strong> <strong>&#8211;<\/strong> <a href=\"https:\/\/twitter.com\/MikelNavarroAye\" target=\"_blank\" rel=\"noreferrer noopener\">@MikelNavarroAye<\/a> &#8211; <a rel=\"noreferrer noopener\" href=\"https:\/\/mikelnavarro.wordpress.com\/\" target=\"_blank\">https:\/\/mikelnavarro.wordpress.com\/<\/a><\/p>\n\n\n\n<p>  <strong>Ra\u00fal Ortega Palacios<\/strong> <strong>&#8211;<\/strong> <a href=\"https:\/\/twitter.com\/rauldevelop\" target=\"_blank\" rel=\"noreferrer noopener\">@rauldevelop<\/a><\/p>\n\n\n\n<p class=\"has-black-color has-text-color has-large-font-size\"><strong>\u00abPresentaci\u00f3n del libro: El Apag\u00f3n\u00bb<\/strong><\/p>\n\n\n\n<p class=\"has-vivid-cyan-blue-color has-text-color\"> <strong>S\u00e1bado, 5 de marzo, a las 17:45, Casa de la Juventud de Parla, edificio multifunci\u00f3n, planta baja, hall de entrada<\/strong>.  <\/p>\n\n\n\n<p>En esta charla, Mikel Navarro y Ra\u00fal Ortega nos presentar\u00e1n El Apag\u00f3n (The blackout), y nos hablar\u00e1n del apag\u00f3n digital, cultural, y en el caso de Ra\u00fal Ortega, de esa chispa que ilumina el t\u00fanel tras el apag\u00f3n y que le condujo hacia los ordenadores cuando solo ten\u00eda 14 a\u00f1os.<\/p>\n\n\n\n<p><strong>Mikel Navarro Ayensa<\/strong> es comunicador, escritor y realizador. Cr\u00edtico de cine en Cope Navarra, colabora en diversos medios de comunicaci\u00f3n (radio, televisi\u00f3n y prensa). Ha publicado ocho libros, siete en colaboraci\u00f3n con otros autores;&nbsp;hay otros mundos pero est\u00e1n en \u00e9ste&nbsp;(Libro solidario coordinado por M\u00e9dicos sin Fronteras, Ed.Cydonia 2013)&nbsp;&nbsp;50 lugares m\u00e1gicos para enamorados en Espa\u00f1a&nbsp;(Ed. Cydonia, 2015),&nbsp;Bajo el cielo m\u00edtico de Madrid&nbsp;(Univ. Pontificia Comillas, 2019),&nbsp;La cultura espa\u00f1ola a trav\u00e9s del cine&nbsp;(Univ. Pontificia Comillas, 2021),The Blackout (El apag\u00f3n)&nbsp;(Ed. Cydonia),D\u00eda D; la historia jam\u00e1s contada(Ed. Pinolia, 2021)y El sitio de Leningrado&nbsp;(Ed. Pinolia, 2022).<\/p>\n\n\n\n<p><strong>Ra\u00fal Ortega Palacios<\/strong> dedic\u00f3 parte de su vida al grafismo de videojuegos, en la m\u00edtica <a rel=\"noreferrer noopener\" href=\"https:\/\/es.wikipedia.org\/wiki\/Dinamic_Software\" target=\"_blank\">Dinamic<\/a> realizando los gr\u00e1ficos de Alhambra Tales (grafismo previo), <a rel=\"noreferrer noopener\" href=\"https:\/\/es.wikipedia.org\/wiki\/Freddy_Hardest\" target=\"_blank\">Freddy Hardest PC<\/a>, <a rel=\"noreferrer noopener\" href=\"http:\/\/computeremuzone.com\/ficha.php?id=665\" target=\"_blank\">Capit\u00e1n Trueno<\/a> (fondos 8 bits, versi\u00f3n PC \u00edntegra) y <a rel=\"noreferrer noopener\" href=\"https:\/\/wiki.caad.es\/Mega-Corp\" target=\"_blank\">MegaCorp PC<\/a>. Actualmente es desarrollador.<\/p>\n\n\n\n<p>Cabe destacar el car\u00e1cter solidario del libro, actualmente va por la segunda edici\u00f3n, donando los royalties en favor de <a rel=\"noreferrer noopener\" href=\"https:\/\/www.msf.es\/\" target=\"_blank\">M\u00e9dicos Sin Fronteras<\/a>.<\/p>\n\n\n\n<hr class=\"wp-block-separator is-style-wide\"\/>\n\n\n\n<figure class=\"wp-block-image size-full\"><img data-recalc-dims=\"1\" decoding=\"async\" width=\"720\" height=\"300\" data-attachment-id=\"5150\" data-permalink=\"https:\/\/www.retroparla.com\/index.php\/2022\/02\/retro-parla-2022-charlas\/martinch\/\" data-orig-file=\"https:\/\/i0.wp.com\/www.retroparla.com\/wp-content\/uploads\/2022\/02\/MartinCh.jpg?fit=791%2C330&amp;ssl=1\" data-orig-size=\"791,330\" data-comments-opened=\"1\" data-image-meta=\"{&quot;aperture&quot;:&quot;0&quot;,&quot;credit&quot;:&quot;Alvaro&quot;,&quot;camera&quot;:&quot;&quot;,&quot;caption&quot;:&quot;&quot;,&quot;created_timestamp&quot;:&quot;1645821605&quot;,&quot;copyright&quot;:&quot;&quot;,&quot;focal_length&quot;:&quot;0&quot;,&quot;iso&quot;:&quot;0&quot;,&quot;shutter_speed&quot;:&quot;0&quot;,&quot;title&quot;:&quot;&quot;,&quot;orientation&quot;:&quot;0&quot;}\" data-image-title=\"MartinCh\" data-image-description=\"\" data-image-caption=\"\" data-medium-file=\"https:\/\/i0.wp.com\/www.retroparla.com\/wp-content\/uploads\/2022\/02\/MartinCh.jpg?fit=300%2C125&amp;ssl=1\" data-large-file=\"https:\/\/i0.wp.com\/www.retroparla.com\/wp-content\/uploads\/2022\/02\/MartinCh.jpg?fit=720%2C300&amp;ssl=1\" src=\"https:\/\/i0.wp.com\/www.retroparla.com\/wp-content\/uploads\/2022\/02\/MartinCh.jpg?resize=720%2C300&#038;ssl=1\" alt=\"\" class=\"wp-image-5150\" srcset=\"https:\/\/i0.wp.com\/www.retroparla.com\/wp-content\/uploads\/2022\/02\/MartinCh.jpg?w=791&amp;ssl=1 791w, https:\/\/i0.wp.com\/www.retroparla.com\/wp-content\/uploads\/2022\/02\/MartinCh.jpg?resize=300%2C125&amp;ssl=1 300w, https:\/\/i0.wp.com\/www.retroparla.com\/wp-content\/uploads\/2022\/02\/MartinCh.jpg?resize=768%2C320&amp;ssl=1 768w\" sizes=\"(max-width: 720px) 100vw, 720px\" \/><\/figure>\n\n\n\n<p>  <strong>Mart\u00edn Gamero Prieto<\/strong> <strong>&#8211;<\/strong> <a rel=\"noreferrer noopener\" href=\"https:\/\/twitter.com\/3dfxlegacy\" target=\"_blank\">@3dfxlegacy<\/a> &#8211; <a rel=\"noreferrer noopener\" href=\"https:\/\/kentinelstudios.com\/\" target=\"_blank\">https:\/\/kentinelstudios.com\/<\/a><\/p>\n\n\n\n<p class=\"has-black-color has-text-color has-large-font-size\"><strong>\u00abEl 3D en consolas: desde Dreamcast hasta Xbox\u00bb<\/strong><\/p>\n\n\n\n<p class=\"has-vivid-cyan-blue-color has-text-color\"> <strong>S\u00e1bado, 5 de marzo, a las 19:15, Casa de la Juventud de Parla, edificio multifunci\u00f3n, planta baja, hall de entrada<\/strong>.  <\/p>\n\n\n\n<p>En esta charla, Mart\u00edn nos explicar\u00e1 como con la primera generaci\u00f3n del 3D asentada y la compa\u00f1\u00eda Sony como ganadora indiscutible, lleg\u00f3 el momento del segundo asalto para ver si la PSX hab\u00eda tenido suerte. El resto de las empresas ten\u00edan que recuperar el trono, sin embargo, pocos vieron venir la llegada de un gigante de la inform\u00e1tica y los problemas que traer\u00eda el boom multimedia que se estaba gestando.<\/p>\n\n\n\n<p><strong>Mart\u00edn Gamero Prieto<\/strong>&nbsp;es autor de&nbsp;varios libros relacionados con diversas tem\u00e1ticas retro,&nbsp;su&nbsp;pasi\u00f3n por los videojuegos le llev\u00f3 no solo a jugarlos, sino a convertirse en uno de los mayores coleccionistas de Europa, y le orient\u00f3 a su actual profesi\u00f3n, Ingeniero Inform\u00e1tico de Sistemas.&nbsp;<\/p>\n\n\n\n<p>En septiembre de 2015 comenz\u00f3 a escribir una serie de art\u00edculos sobre una compa\u00f1\u00eda llamada 3dfx que pronto dieron lugar a el libro&nbsp;<a rel=\"noreferrer noopener\" href=\"https:\/\/kentinelstudios.com\/product-tag\/3dfx\/\" target=\"_blank\">El legado de 3dfx<\/a>,&nbsp;cuya publicaci\u00f3n financi\u00f3 a trav\u00e9s de Kickstarter. Fueron meses de much\u00edsimo trabajo, pero a finales de 2019 los mecenas recibieron sus recompensas. Despu\u00e9s de un tiempo, y ante el imparable avance de la autoedici\u00f3n, decidi\u00f3 crear su propio sello y lanzar todos los proyectos que llevaba a\u00f1os almacenando.<\/p>\n\n\n\n<p>Dentro de Kentinel encontrar\u00e1s los libros El legado de 3dfx y&nbsp;<a rel=\"noreferrer noopener\" href=\"https:\/\/kentinelstudios.com\/product-tag\/entre-soldados-demonios-y-poligonos\/\" target=\"_blank\">Entre soldados, demonios y pol\u00edgonos: Una retrospectiva de id Software<\/a>. El primero cuenta la historia de la empresa que revolucion\u00f3 el 3D, mientras que el segundo analiza la compa\u00f1\u00eda que supuso un antes y un despu\u00e9s en los videojuegos.<\/p>\n\n\n\n<hr class=\"wp-block-separator is-style-wide\"\/>\n\n\n\n<p class=\"has-text-align-center has-black-color has-text-color has-large-font-size\"><strong>Domingo 6 de marzo de 2022<\/strong><\/p>\n\n\n\n<hr class=\"wp-block-separator is-style-wide\"\/>\n\n\n\n<figure class=\"wp-block-image size-large\"><img data-recalc-dims=\"1\" decoding=\"async\" width=\"720\" height=\"290\" data-attachment-id=\"4771\" data-permalink=\"https:\/\/www.retroparla.com\/index.php\/2022\/02\/retro-parla-2022-charlas\/frangallego\/\" data-orig-file=\"https:\/\/i0.wp.com\/www.retroparla.com\/wp-content\/uploads\/2022\/01\/FranGallego.jpg?fit=1102%2C443&amp;ssl=1\" data-orig-size=\"1102,443\" data-comments-opened=\"1\" data-image-meta=\"{&quot;aperture&quot;:&quot;0&quot;,&quot;credit&quot;:&quot;Alvaro&quot;,&quot;camera&quot;:&quot;&quot;,&quot;caption&quot;:&quot;&quot;,&quot;created_timestamp&quot;:&quot;0&quot;,&quot;copyright&quot;:&quot;&quot;,&quot;focal_length&quot;:&quot;0&quot;,&quot;iso&quot;:&quot;0&quot;,&quot;shutter_speed&quot;:&quot;0&quot;,&quot;title&quot;:&quot;&quot;,&quot;orientation&quot;:&quot;0&quot;}\" data-image-title=\"FranGallego\" data-image-description=\"\" data-image-caption=\"\" data-medium-file=\"https:\/\/i0.wp.com\/www.retroparla.com\/wp-content\/uploads\/2022\/01\/FranGallego.jpg?fit=300%2C121&amp;ssl=1\" data-large-file=\"https:\/\/i0.wp.com\/www.retroparla.com\/wp-content\/uploads\/2022\/01\/FranGallego.jpg?fit=720%2C290&amp;ssl=1\" src=\"https:\/\/i0.wp.com\/www.retroparla.com\/wp-content\/uploads\/2022\/01\/FranGallego.jpg?resize=720%2C290&#038;ssl=1\" alt=\"\" class=\"wp-image-4771\" srcset=\"https:\/\/i0.wp.com\/www.retroparla.com\/wp-content\/uploads\/2022\/01\/FranGallego.jpg?resize=1024%2C412&amp;ssl=1 1024w, https:\/\/i0.wp.com\/www.retroparla.com\/wp-content\/uploads\/2022\/01\/FranGallego.jpg?resize=300%2C121&amp;ssl=1 300w, https:\/\/i0.wp.com\/www.retroparla.com\/wp-content\/uploads\/2022\/01\/FranGallego.jpg?resize=768%2C309&amp;ssl=1 768w, https:\/\/i0.wp.com\/www.retroparla.com\/wp-content\/uploads\/2022\/01\/FranGallego.jpg?w=1102&amp;ssl=1 1102w\" sizes=\"(max-width: 720px) 100vw, 720px\" \/><\/figure>\n\n\n\n<p class=\"has-medium-font-size\"> <strong>Fran Gallego<\/strong> &#8211; <a href=\"https:\/\/twitter.com\/FranGallegoBR\" target=\"_blank\" rel=\"noreferrer noopener\">@FranGallegoBR<\/a><\/p>\n\n\n\n<p class=\"has-black-color has-text-color has-large-font-size\"> <strong>\u00ab\u00bfPor qu\u00e9 cuesta la IA en 8-bits? Estrategias para dise\u00f1arla\u00bb<\/strong> <\/p>\n\n\n\n<p class=\"has-vivid-cyan-blue-color has-text-color has-medium-font-size\"><strong>Domingo, 6 de marzo, a las 11:00, Casa de la Juventud de Parla, edificio multifunci\u00f3n, planta baja, hall de entrada<\/strong>. <\/p>\n\n\n\n<p>En esta charla, Fran nos hablar\u00e1 acerca de las estrategias para el dise\u00f1o de la inteligencia artificial en plataformas de 8-bits, \u00bfpor qu\u00e9 cuesta definirlas e implementarlas?<\/p>\n\n\n\n<p><strong>Fran Gallego<\/strong> es Ingeniero en Inform\u00e1tica por la Universidad de Alicante (UA) desde 2003. Profesor del Departamento de Ciencia de la Computaci\u00f3n e Inteligencia Artificial de la UA desde 2005 y Doctor en Ingenier\u00eda en Inform\u00e1tica por la UA desde 2015. Desde 2008 es Director T\u00e9cnico de ByteRealms, marca registrada de videojuegos de la UA. Adem\u00e1s, es uno de los organizadores del concurso de creaci\u00f3n de videojuegos <a rel=\"noreferrer noopener\" href=\"http:\/\/cpcretrodev.byterealms.com\/\" target=\"_blank\">CPCRetroDev<\/a> para Amstrad CPC 464. <\/p>\n\n\n\n<hr class=\"wp-block-separator is-style-wide\"\/>\n\n\n\n<figure class=\"wp-block-image size-large\"><img data-recalc-dims=\"1\" decoding=\"async\" width=\"720\" height=\"264\" data-attachment-id=\"4773\" data-permalink=\"https:\/\/www.retroparla.com\/index.php\/2022\/02\/retro-parla-2022-charlas\/borja_ju\/\" data-orig-file=\"https:\/\/i0.wp.com\/www.retroparla.com\/wp-content\/uploads\/2022\/01\/Borja_ju.jpg?fit=1175%2C432&amp;ssl=1\" data-orig-size=\"1175,432\" data-comments-opened=\"1\" data-image-meta=\"{&quot;aperture&quot;:&quot;0&quot;,&quot;credit&quot;:&quot;Alvaro&quot;,&quot;camera&quot;:&quot;&quot;,&quot;caption&quot;:&quot;&quot;,&quot;created_timestamp&quot;:&quot;0&quot;,&quot;copyright&quot;:&quot;&quot;,&quot;focal_length&quot;:&quot;0&quot;,&quot;iso&quot;:&quot;0&quot;,&quot;shutter_speed&quot;:&quot;0&quot;,&quot;title&quot;:&quot;&quot;,&quot;orientation&quot;:&quot;0&quot;}\" data-image-title=\"Borja_ju\" data-image-description=\"\" data-image-caption=\"\" data-medium-file=\"https:\/\/i0.wp.com\/www.retroparla.com\/wp-content\/uploads\/2022\/01\/Borja_ju.jpg?fit=300%2C110&amp;ssl=1\" data-large-file=\"https:\/\/i0.wp.com\/www.retroparla.com\/wp-content\/uploads\/2022\/01\/Borja_ju.jpg?fit=720%2C264&amp;ssl=1\" src=\"https:\/\/i0.wp.com\/www.retroparla.com\/wp-content\/uploads\/2022\/01\/Borja_ju.jpg?resize=720%2C264&#038;ssl=1\" alt=\"\" class=\"wp-image-4773\" srcset=\"https:\/\/i0.wp.com\/www.retroparla.com\/wp-content\/uploads\/2022\/01\/Borja_ju.jpg?resize=1024%2C376&amp;ssl=1 1024w, https:\/\/i0.wp.com\/www.retroparla.com\/wp-content\/uploads\/2022\/01\/Borja_ju.jpg?resize=300%2C110&amp;ssl=1 300w, https:\/\/i0.wp.com\/www.retroparla.com\/wp-content\/uploads\/2022\/01\/Borja_ju.jpg?resize=768%2C282&amp;ssl=1 768w, https:\/\/i0.wp.com\/www.retroparla.com\/wp-content\/uploads\/2022\/01\/Borja_ju.jpg?w=1175&amp;ssl=1 1175w\" sizes=\"(max-width: 720px) 100vw, 720px\" \/><\/figure>\n\n\n\n<p class=\"has-medium-font-size\"> <strong>Borja<\/strong> <strong>de Tena &#8211; VolcanoBytes<\/strong> <strong>&#8211;<\/strong> <a rel=\"noreferrer noopener\" href=\"https:\/\/twitter.com\/volcanobytes\" target=\"_blank\">@VolcanoBytes<\/a><\/p>\n\n\n\n<p class=\"has-black-color has-text-color has-large-font-size\"> <strong>\u00abCreando un Mata-Marcianos Retro para plataformas actuales\u00bb<\/strong> <\/p>\n\n\n\n<p class=\"has-vivid-cyan-blue-color has-text-color has-medium-font-size\"><strong>Domingo, 6 de marzo, a las 12:15, Casa de la Juventud de Parla, edificio multifunci\u00f3n, planta baja, hall de entrada<\/strong>. <\/p>\n\n\n\n<p><a rel=\"noreferrer noopener\" href=\"https:\/\/volcanobytes.itch.io\/galactic-wars-ex\" target=\"_blank\">Galactic Wars EX<\/a> es el \u00faltimo videojuego desarrollado por Borja como VolcanoBytes, financiado con \u00e9xito en un Kickstarter en 2020 y lanzado durante 2021. Actualmente, est\u00e1 siendo actualizado y portado a consolas como Switch, PS5 o Xbox por JanduSoft y pretende ver la luz oficialmente este 2022. En esta charla, Borja nos contar\u00e1 cuales han sido los pasos que ha seguido como creador y desarrollador, para llevar un juego creado en un mes en una Game Jam como \u201cGalactic Wars\u201d para Pico8, hasta un juego retro comercial para plataformas actuales. Y nos contar\u00e1 los detalles y pormenores del desarrollo.<\/p>\n\n\n\n<p><strong>Borja de Tena <\/strong>es dise\u00f1ador y desarrollador de videojuegos. Durante los \u00faltimos 10 a\u00f1os ha participado en diferentes proyectos para empresas del sector como programador, dise\u00f1ador o coordinador de producci\u00f3n en distintos t\u00edtulos comerciales.<\/p>\n\n\n\n<p>En su trabajo como docente ha colaborado con distintas empresas e instituciones, siendo desde el pasado 2021, profesor de Game Design en SAE Barcelona.<\/p>\n\n\n\n<hr class=\"wp-block-separator is-style-wide\"\/>\n\n\n\n<figure class=\"wp-block-image size-full\"><img data-recalc-dims=\"1\" decoding=\"async\" width=\"720\" height=\"296\" data-attachment-id=\"5154\" data-permalink=\"https:\/\/www.retroparla.com\/index.php\/2022\/02\/retro-parla-2022-charlas\/enriquedef\/\" data-orig-file=\"https:\/\/i0.wp.com\/www.retroparla.com\/wp-content\/uploads\/2022\/02\/EnriqueDef.jpg?fit=923%2C379&amp;ssl=1\" data-orig-size=\"923,379\" data-comments-opened=\"1\" data-image-meta=\"{&quot;aperture&quot;:&quot;0&quot;,&quot;credit&quot;:&quot;Alvaro&quot;,&quot;camera&quot;:&quot;&quot;,&quot;caption&quot;:&quot;&quot;,&quot;created_timestamp&quot;:&quot;0&quot;,&quot;copyright&quot;:&quot;&quot;,&quot;focal_length&quot;:&quot;0&quot;,&quot;iso&quot;:&quot;0&quot;,&quot;shutter_speed&quot;:&quot;0&quot;,&quot;title&quot;:&quot;&quot;,&quot;orientation&quot;:&quot;0&quot;}\" data-image-title=\"EnriqueDef\" data-image-description=\"\" data-image-caption=\"\" data-medium-file=\"https:\/\/i0.wp.com\/www.retroparla.com\/wp-content\/uploads\/2022\/02\/EnriqueDef.jpg?fit=300%2C123&amp;ssl=1\" data-large-file=\"https:\/\/i0.wp.com\/www.retroparla.com\/wp-content\/uploads\/2022\/02\/EnriqueDef.jpg?fit=720%2C296&amp;ssl=1\" src=\"https:\/\/i0.wp.com\/www.retroparla.com\/wp-content\/uploads\/2022\/02\/EnriqueDef.jpg?resize=720%2C296&#038;ssl=1\" alt=\"\" class=\"wp-image-5154\" srcset=\"https:\/\/i0.wp.com\/www.retroparla.com\/wp-content\/uploads\/2022\/02\/EnriqueDef.jpg?w=923&amp;ssl=1 923w, https:\/\/i0.wp.com\/www.retroparla.com\/wp-content\/uploads\/2022\/02\/EnriqueDef.jpg?resize=300%2C123&amp;ssl=1 300w, https:\/\/i0.wp.com\/www.retroparla.com\/wp-content\/uploads\/2022\/02\/EnriqueDef.jpg?resize=768%2C315&amp;ssl=1 768w\" sizes=\"(max-width: 720px) 100vw, 720px\" \/><\/figure>\n\n\n\n<p class=\"has-medium-font-size\"> <strong>Enrique Segura Alcalde &#8211; <\/strong> <a href=\"https:\/\/twitter.com\/enriquesegura78\" target=\"_blank\" rel=\"noreferrer noopener\">@enriquesegura78<\/a><\/p>\n\n\n\n<p class=\"has-black-color has-text-color has-large-font-size\"> <strong>\u00abPasi\u00f3n por el retro\u00bb<\/strong> <\/p>\n\n\n\n<p class=\"has-vivid-cyan-blue-color has-text-color has-medium-font-size\"><strong>Domingo, 6 de marzo, a las 13:30, Casa de la Juventud de Parla, edificio multifunci\u00f3n, planta baja, hall de entrada<\/strong>. <\/p>\n\n\n\n<p>En esta charla online, Enrique tratar\u00e1 de definir \u00abQU\u00c9 ENTENDEMOS POR RETRO\u00bb, qu\u00e9 es retro y qu\u00e9 no lo es, nos presentar\u00e1 sus libros haciendo un resumen de todos ellos y terminar\u00e1 explicando la importancia del retro en nuestras vidas, no s\u00f3lo como jugadores sino como personas en general.<\/p>\n\n\n\n<p><strong>Enrique Segura Alcalde<\/strong> es Licenciado en Filolog\u00eda Inglesa y profesor biling\u00fce de Educaci\u00f3n Secundaria. Amante de los videojuegos, el cine, los c\u00f3mics, la literatura y apasionado del mundo de la comunicaci\u00f3n y la divulgaci\u00f3n, compagina su labor docente con la publicaci\u00f3n de libros sobre m\u00e1quinas recreativas y videojuegos de todas las \u00e9pocas con la <a rel=\"noreferrer noopener\" href=\"https:\/\/dolmeneditorial.com\/etiqueta\/enrique-segura-alcalde\/\" target=\"_blank\">Editorial Dolmen<\/a>. Sus obras incluyen Dreamcast el sue\u00f1o eterno (2019), 1980-1900: la d\u00e9cada dorada de los videojuegos retro (2020), 1990-2000: la d\u00e9cada de la revoluci\u00f3n en los videojuegos y Arcade Classics Collection (ambos de 2021). Su libro m\u00e1s reciente es Arcade Classics Reloaded (2022), aunque a\u00fan tiene en proyecto varios libros m\u00e1s. Su especialidad son los videojuegos retro, pero es un apasionado defensor de esta industria en todas sus vertientes; considera a los videojuegos como un arte y as\u00ed los reivindica.<\/p>\n\n\n\n<p>Cabe destacar el car\u00e1cter solidario de todos sus libros publicados, donando los royalties en favor de la <a rel=\"noreferrer noopener\" href=\"https:\/\/www.contraelcancer.es\/es\" target=\"_blank\">AECC<\/a>.<\/p>\n\n\n\n<hr class=\"wp-block-separator is-style-wide\"\/>\n","protected":false},"excerpt":{"rendered":"<p>S\u00e1bado 5 de marzo de 2022 Gabriel Caffarena &#8211; @gacaffe &#8211; https:\/\/gacaffe.net\/ \u00abLas aportaciones de Federico Faggin: el apasionante viaje desde el transistor a la teor\u00eda de la consciencia\u00bb S\u00e1bado, 5 de marzo, a las 11:00, Casa de la Juventud de Parla, edificio multifunci\u00f3n, planta baja, hall de entrada.&#46;&#46;&#46;<\/p>\n","protected":false},"author":1,"featured_media":5195,"comment_status":"open","ping_status":"open","sticky":false,"template":"","format":"standard","meta":{"_bbp_topic_count":0,"_bbp_reply_count":0,"_bbp_total_topic_count":0,"_bbp_total_reply_count":0,"_bbp_voice_count":0,"_bbp_anonymous_reply_count":0,"_bbp_topic_count_hidden":0,"_bbp_reply_count_hidden":0,"_bbp_forum_subforum_count":0,"jetpack_post_was_ever_published":false,"_jetpack_newsletter_access":"","_jetpack_dont_email_post_to_subs":false,"_jetpack_newsletter_tier_id":0,"_jetpack_memberships_contains_paywalled_content":false,"_jetpack_memberships_contains_paid_content":false,"footnotes":""},"categories":[6,57],"tags":[58],"class_list":["post-4753","post","type-post","status-publish","format-standard","has-post-thumbnail","hentry","category-eventos","category-retro-parla-2022","tag-retro-parla-2022"],"jetpack_featured_media_url":"https:\/\/i0.wp.com\/www.retroparla.com\/wp-content\/uploads\/2022\/02\/CharlasCabeceraDEF.jpg?fit=900%2C446&ssl=1","jetpack_likes_enabled":true,"jetpack_shortlink":"https:\/\/wp.me\/pcGicC-1eF","jetpack_sharing_enabled":true,"_links":{"self":[{"href":"https:\/\/www.retroparla.com\/index.php\/wp-json\/wp\/v2\/posts\/4753","targetHints":{"allow":["GET"]}}],"collection":[{"href":"https:\/\/www.retroparla.com\/index.php\/wp-json\/wp\/v2\/posts"}],"about":[{"href":"https:\/\/www.retroparla.com\/index.php\/wp-json\/wp\/v2\/types\/post"}],"author":[{"embeddable":true,"href":"https:\/\/www.retroparla.com\/index.php\/wp-json\/wp\/v2\/users\/1"}],"replies":[{"embeddable":true,"href":"https:\/\/www.retroparla.com\/index.php\/wp-json\/wp\/v2\/comments?post=4753"}],"version-history":[{"count":81,"href":"https:\/\/www.retroparla.com\/index.php\/wp-json\/wp\/v2\/posts\/4753\/revisions"}],"predecessor-version":[{"id":5315,"href":"https:\/\/www.retroparla.com\/index.php\/wp-json\/wp\/v2\/posts\/4753\/revisions\/5315"}],"wp:featuredmedia":[{"embeddable":true,"href":"https:\/\/www.retroparla.com\/index.php\/wp-json\/wp\/v2\/media\/5195"}],"wp:attachment":[{"href":"https:\/\/www.retroparla.com\/index.php\/wp-json\/wp\/v2\/media?parent=4753"}],"wp:term":[{"taxonomy":"category","embeddable":true,"href":"https:\/\/www.retroparla.com\/index.php\/wp-json\/wp\/v2\/categories?post=4753"},{"taxonomy":"post_tag","embeddable":true,"href":"https:\/\/www.retroparla.com\/index.php\/wp-json\/wp\/v2\/tags?post=4753"}],"curies":[{"name":"wp","href":"https:\/\/api.w.org\/{rel}","templated":true}]}}