{"id":625,"date":"2019-02-07T20:33:37","date_gmt":"2019-02-07T20:33:37","guid":{"rendered":"http:\/\/www.retroparla.com\/?p=625"},"modified":"2019-02-07T21:25:23","modified_gmt":"2019-02-07T21:25:23","slug":"retroparla-2019-talleres-y-charlas","status":"publish","type":"post","link":"https:\/\/www.retroparla.com\/index.php\/2019\/02\/retroparla-2019-talleres-y-charlas\/","title":{"rendered":"RetroParla 2019: Talleres y charlas"},"content":{"rendered":"<p>Aqu\u00ed os presentamos las distintas charlas y talleres que podremos disfrutar el <strong>s\u00e1bado 2 de marzo<\/strong>, primer d\u00eda de la RetroParla 2019, en la Casa de la Juventud de Parla. A\u00fan seguimos trabajando para ofreceros mas contenidos interesantes, por lo que la programaci\u00f3n podr\u00e1 sufrir cambios de aqu\u00ed a la fecha del evento. \u00a1Atentos a las novedades!<\/p>\n<style type=\"text\/css\">\n.tg  {border-collapse:collapse;border-spacing:0;}\n.tg td{font-family:Arial, sans-serif;font-size:14px;padding:10px 5px;border-style:solid;border-width:1px;overflow:hidden;word-break:normal;border-color:black;}\n.tg th{font-family:Arial, sans-serif;font-size:14px;font-weight:normal;padding:10px 5px;border-style:solid;border-width:1px;overflow:hidden;word-break:normal;border-color:black;}\n.tg .tg-zme7{background-color:#ffce93;border-color:inherit;text-align:center;vertical-align:top}\n.tg .tg-84w4{font-weight:bold;background-color:#9aff99;border-color:inherit;text-align:center;vertical-align:top}\n.tg .tg-gdc4{background-color:#96fffb;border-color:inherit;text-align:center;vertical-align:top}\n.tg .tg-eqtu{background-color:#fe996b;border-color:inherit;text-align:center;vertical-align:top}\n<\/style>\n<table class=\"tg\" style=\"undefined;table-layout: fixed; width: 615px\">\n<colgroup>\n<col style=\"width: 111.2px\">\n<col style=\"width: 504.2px\">\n<\/colgroup>\n<tr>\n<th class=\"tg-84w4\">S\u00e1bado<br \/>02\/03\/2019<\/th>\n<th class=\"tg-84w4\">Conferencias y talleres<\/th>\n<\/tr>\n<tr>\n<td class=\"tg-gdc4\">10:00<\/td>\n<td class=\"tg-eqtu\">Inaguraci\u00f3n y apertura de puertas<\/td>\n<\/tr>\n<tr>\n<td class=\"tg-gdc4\">11:00 &#8211; 11:45<\/td>\n<td class=\"tg-zme7\">Presentaci\u00f3n del libro<span style=\"font-weight:bold;font-style:italic\"> \u00abAmstrad Eterno\u00bb<\/span>, por Atila Merino (<a href=\"https:\/\/twitter.com\/blackmores_\">@blackmores_<\/a>) y Javier Cubedo (pendiente de confirmaci\u00f3n)<\/p>\n<p>Atila y Javier nos explicar\u00e1n como surgi\u00f3 la idea de realizar un libro sobre Amstrad, desde el concepto inicial hasta la maquetaci\u00f3n final.<\/td>\n<\/tr>\n<tr>\n<td class=\"tg-gdc4\">12:00 &#8211; 13:00<\/td>\n<td class=\"tg-zme7\">\u00ab<span style=\"font-weight:bold;font-style:italic\">Visionarios de la inform\u00e1tica: Torres Quevedo y Wozniak<\/span>\u00ab, por Gabriel Caffarena Fern\u00e1ndez (<a href=\"https:\/\/twitter.com\/gacaffe\">@gacaffe<\/a>)<\/p>\n<p>Leonardo Torres Quevedo y Steve Wozniak vivieron per\u00edodos de la historia muy diferentes, pero les une el haber sido pioneros en la creaci\u00f3n del ordenador. El ingeniero espa\u00f1ol desarroll\u00f3 teor\u00edas que de haber sido difundidas hubiesen permitido adelantar varias d\u00e9cadas el advenimiento de los sistemas digitales. Haciendo gala de un intelecto visionario, construy\u00f3 el primer ordenador de la historia a principios del siglo XX. Por otra parte, el ingeniero estadounidense cre\u00f3 uno de los ordenadores m\u00e1s influyentes de la historia, usando: su cabeza, l\u00e1piz y papel.<\/td>\n<\/tr>\n<tr>\n<td class=\"tg-gdc4\">13:15 &#8211; 14:00<\/td>\n<td class=\"tg-zme7\">\u00ab<span style=\"font-weight:bold;font-style:italic\">Las tripas<\/span> <span style=\"font-weight:bold;font-style:italic\">del &#8216;Operation Alexandra&#8217;<\/span>\u00ab, por Javier Garc\u00eda Navarro (<a href=\"https:\/\/twitter.com\/_jgnavarro\">@_jgnavarro<\/a>)<\/p>\n<p>Breve charla acerca de las mejoras efectuadas por 4mhz.es  en la hormigonera (H64-1B) para poder desarrollar el Operation Alexandra. Tambi\u00e9n se har\u00e1 un comunicado oficial de c\u00f3mo hacer un comunicado oficial.<\/td>\n<\/tr>\n<tr>\n<td class=\"tg-gdc4\">14:15 &#8211; 15:15<\/td>\n<td class=\"tg-eqtu\">Descanso<\/td>\n<\/tr>\n<tr>\n<td class=\"tg-gdc4\">16:00 &#8211; 16:45<\/td>\n<td class=\"tg-zme7\">\u00ab<span style=\"font-weight:bold;font-style:italic\">Los juegos de 3dfx<\/span>\u00ab, por Mart\u00edn Gamero Prieto (<a href=\"https:\/\/twitter.com\/3dfxlegacy\">@3dfxlegacy<\/a>)<\/p>\n<p>3dfx marc\u00f3 una revoluci\u00f3n sin precedentes en la industria de los ordenadores. Su principal logro fue conseguir llevar un 3D de calidad a un precio m\u00e1s que razonable con una calidad excepcional, pero de poco hubiera servido sin juegos. Todos recuerdan Quake o Tomb Raider pero hubo muchos m\u00e1s. En esta conferencia conoceremos juegos grandes joyas no tan conocidas y alg\u00fan que otro tapado.<\/td>\n<\/tr>\n<tr>\n<td class=\"tg-gdc4\">17:00 &#8211; 20:00<\/td>\n<td class=\"tg-zme7\">\u00ab<span style=\"font-weight:bold;font-style:italic\">Desarrollo de aventuras conversacionales<\/span>\u00ab, por Nacho Osete, Juan Jos\u00e9 Torres y Alvaro Ruiz<\/p>\n<p>Taller donde aprenderemos a crear nuestras propias aventuras de texto y gr\u00e1ficos con el parser DAAD (1988), sin necesidad de contar con experiencia en programaci\u00f3n&#8230; El parser DAAD es una herramienta creada por Tim Gilberts para Aventuras AD, recuperada en 2014, y liberada para su uso libre para la comunidad, por cortes\u00eda de Andr\u00e9s Samudio.<\/p>\n<p><span style=\"color:rgb(254, 0, 0)\">Requiere inscripci\u00f3n en: info@retroparla.com<\/span><\/td>\n<\/tr>\n<tr>\n<td class=\"tg-gdc4\">21:00<\/td>\n<td class=\"tg-eqtu\">Cierre de puertas<\/td>\n<\/tr>\n<\/table>\n","protected":false},"excerpt":{"rendered":"<p>Aqu\u00ed os presentamos las distintas charlas y talleres que podremos disfrutar el s\u00e1bado 2 de marzo, primer d\u00eda de la RetroParla 2019, en la Casa de la Juventud de Parla. A\u00fan seguimos trabajando para ofreceros mas contenidos interesantes, por lo que la programaci\u00f3n podr\u00e1 sufrir cambios de aqu\u00ed a&#46;&#46;&#46;<\/p>\n","protected":false},"author":1,"featured_media":0,"comment_status":"open","ping_status":"open","sticky":false,"template":"","format":"standard","meta":{"_bbp_topic_count":0,"_bbp_reply_count":0,"_bbp_total_topic_count":0,"_bbp_total_reply_count":0,"_bbp_voice_count":0,"_bbp_anonymous_reply_count":0,"_bbp_topic_count_hidden":0,"_bbp_reply_count_hidden":0,"_bbp_forum_subforum_count":0,"jetpack_post_was_ever_published":false,"_jetpack_newsletter_access":"","_jetpack_dont_email_post_to_subs":false,"_jetpack_newsletter_tier_id":0,"_jetpack_memberships_contains_paywalled_content":false,"_jetpack_memberships_contains_paid_content":false,"footnotes":""},"categories":[6],"tags":[],"class_list":["post-625","post","type-post","status-publish","format-standard","hentry","category-eventos"],"jetpack_featured_media_url":"","jetpack_likes_enabled":true,"jetpack_shortlink":"https:\/\/wp.me\/pcGicC-a5","jetpack_sharing_enabled":true,"_links":{"self":[{"href":"https:\/\/www.retroparla.com\/index.php\/wp-json\/wp\/v2\/posts\/625","targetHints":{"allow":["GET"]}}],"collection":[{"href":"https:\/\/www.retroparla.com\/index.php\/wp-json\/wp\/v2\/posts"}],"about":[{"href":"https:\/\/www.retroparla.com\/index.php\/wp-json\/wp\/v2\/types\/post"}],"author":[{"embeddable":true,"href":"https:\/\/www.retroparla.com\/index.php\/wp-json\/wp\/v2\/users\/1"}],"replies":[{"embeddable":true,"href":"https:\/\/www.retroparla.com\/index.php\/wp-json\/wp\/v2\/comments?post=625"}],"version-history":[{"count":20,"href":"https:\/\/www.retroparla.com\/index.php\/wp-json\/wp\/v2\/posts\/625\/revisions"}],"predecessor-version":[{"id":637,"href":"https:\/\/www.retroparla.com\/index.php\/wp-json\/wp\/v2\/posts\/625\/revisions\/637"}],"wp:attachment":[{"href":"https:\/\/www.retroparla.com\/index.php\/wp-json\/wp\/v2\/media?parent=625"}],"wp:term":[{"taxonomy":"category","embeddable":true,"href":"https:\/\/www.retroparla.com\/index.php\/wp-json\/wp\/v2\/categories?post=625"},{"taxonomy":"post_tag","embeddable":true,"href":"https:\/\/www.retroparla.com\/index.php\/wp-json\/wp\/v2\/tags?post=625"}],"curies":[{"name":"wp","href":"https:\/\/api.w.org\/{rel}","templated":true}]}}