{"id":6783,"date":"2024-05-29T08:00:00","date_gmt":"2024-05-29T06:00:00","guid":{"rendered":"https:\/\/www.retroparla.com\/?p=6783"},"modified":"2024-05-28T21:33:10","modified_gmt":"2024-05-28T19:33:10","slug":"exposicion-mujeres-ilustres-de-la-informatica","status":"publish","type":"post","link":"https:\/\/www.retroparla.com\/index.php\/2024\/05\/exposicion-mujeres-ilustres-de-la-informatica\/","title":{"rendered":"Exposici\u00f3n \u00abMujeres Ilustres de la Inform\u00e1tica\u00bb"},"content":{"rendered":"<div class=\"wp-block-image is-style-default\">\n<figure class=\"aligncenter size-large\"><img data-recalc-dims=\"1\" decoding=\"async\" width=\"720\" height=\"505\" data-attachment-id=\"6785\" data-permalink=\"https:\/\/www.retroparla.com\/index.php\/2024\/05\/exposicion-mujeres-ilustres-de-la-informatica\/gnm4qgkxsaah3j2\/\" data-orig-file=\"https:\/\/i0.wp.com\/www.retroparla.com\/wp-content\/uploads\/2024\/05\/GNM4qgkXsAAh3j2.jpg?fit=1122%2C787&amp;ssl=1\" data-orig-size=\"1122,787\" data-comments-opened=\"1\" data-image-meta=\"{&quot;aperture&quot;:&quot;0&quot;,&quot;credit&quot;:&quot;&quot;,&quot;camera&quot;:&quot;&quot;,&quot;caption&quot;:&quot;&quot;,&quot;created_timestamp&quot;:&quot;0&quot;,&quot;copyright&quot;:&quot;&quot;,&quot;focal_length&quot;:&quot;0&quot;,&quot;iso&quot;:&quot;0&quot;,&quot;shutter_speed&quot;:&quot;0&quot;,&quot;title&quot;:&quot;&quot;,&quot;orientation&quot;:&quot;0&quot;}\" data-image-title=\"GNM4qgkXsAAh3j2\" data-image-description=\"\" data-image-caption=\"\" data-medium-file=\"https:\/\/i0.wp.com\/www.retroparla.com\/wp-content\/uploads\/2024\/05\/GNM4qgkXsAAh3j2.jpg?fit=300%2C210&amp;ssl=1\" data-large-file=\"https:\/\/i0.wp.com\/www.retroparla.com\/wp-content\/uploads\/2024\/05\/GNM4qgkXsAAh3j2.jpg?fit=720%2C505&amp;ssl=1\" src=\"https:\/\/i0.wp.com\/www.retroparla.com\/wp-content\/uploads\/2024\/05\/GNM4qgkXsAAh3j2.jpg?resize=720%2C505&#038;ssl=1\" alt=\"\" class=\"wp-image-6785\" srcset=\"https:\/\/i0.wp.com\/www.retroparla.com\/wp-content\/uploads\/2024\/05\/GNM4qgkXsAAh3j2.jpg?resize=1024%2C718&amp;ssl=1 1024w, https:\/\/i0.wp.com\/www.retroparla.com\/wp-content\/uploads\/2024\/05\/GNM4qgkXsAAh3j2.jpg?resize=300%2C210&amp;ssl=1 300w, https:\/\/i0.wp.com\/www.retroparla.com\/wp-content\/uploads\/2024\/05\/GNM4qgkXsAAh3j2.jpg?resize=768%2C539&amp;ssl=1 768w, https:\/\/i0.wp.com\/www.retroparla.com\/wp-content\/uploads\/2024\/05\/GNM4qgkXsAAh3j2.jpg?w=1122&amp;ssl=1 1122w\" sizes=\"(max-width: 720px) 100vw, 720px\" \/><figcaption class=\"wp-element-caption\">Programa del acto de celebraci\u00f3n del XX Aniversario del Museo Hist\u00f3rico de la Inform\u00e1tica.<\/figcaption><\/figure>\n<\/div>\n\n\n<p>Ante un abarrotado sal\u00f3n de actos, el pasado d\u00eda 24 se celebr\u00f3 el XX Aniversario del <a href=\"https:\/\/mhi.ws.fi.upm.es\/\" target=\"_blank\" rel=\"noreferrer noopener nofollow\">Museo Hist\u00f3rico de la Inform\u00e1tica (MHI)<\/a> de la <a href=\"https:\/\/www.fi.upm.es\/\" target=\"_blank\" rel=\"noreferrer noopener nofollow\">Escuela T\u00e9cnica Superior de Ingenieros Inform\u00e1ticos (ETSIINF)<\/a> de la <a href=\"https:\/\/www.upm.es\/\" target=\"_blank\" rel=\"noreferrer noopener nofollow\">Universidad Polit\u00e9cnica de Madrid (UPM)<\/a>.<\/p>\n\n\n\n<figure class=\"wp-block-embed aligncenter is-type-video is-provider-youtube wp-block-embed-youtube wp-embed-aspect-16-9 wp-has-aspect-ratio\"><div class=\"wp-block-embed__wrapper\">\n<div class=\"video-container\"><span class=\"embed-youtube\" style=\"text-align:center; display: block;\"><iframe class=\"youtube-player\" width=\"720\" height=\"405\" src=\"https:\/\/www.youtube.com\/embed\/fRcf_CLfsII?version=3&#038;rel=1&#038;showsearch=0&#038;showinfo=1&#038;iv_load_policy=1&#038;fs=1&#038;hl=es-ES&#038;autohide=2&#038;wmode=transparent\" allowfullscreen=\"true\" style=\"border:0;\" sandbox=\"allow-scripts allow-same-origin allow-popups allow-presentation allow-popups-to-escape-sandbox\"><\/iframe><\/span><\/div>\n<\/div><\/figure>\n\n\n\n<p>El acto fue presentado por el Director de la ETSIINF, D. Francisco Javier Soriano Camino, que junto a la actual Directora del MHI, profesora D\u00f1a. Marina \u00c1lvarez Alonso, nos hablaron acerca de como veinte a\u00f1os atr\u00e1s comenz\u00f3 la andadura de este museo. Asimismo, tuvieron un recuerdo muy especial para la que fue una de sus fundadoras y primera Directora del mismo, D\u00f1a. Victoria Rodellar Biarge. Posteriormente, D. Tom\u00e1s San Feliu Gilabert, profesor y Director adjunto del MHI, moder\u00f3 la mesa redonda \u201cMujeres Ilustres de la Inform\u00e1tica, una visi\u00f3n desde la actualidad\u201d en la que las ponentes Asunci\u00f3n G\u00f3mez P\u00e9rez (Vicerrectora de Investigaci\u00f3n, Innovaci\u00f3n y Doctorado de la UPM), Ana Fern\u00e1ndez Aberturas (Directora for Data Services &amp; Storage \u2013 Latin America &amp; Southern Europe en Hewlett Packard Enterprise), Elena Liria Fern\u00e1ndez (Consejera Delegada de Madrid Digital en la Comunidad de Madrid), Laura Gonz\u00e1lez Macho (Consejo General de Colegios Oficiales de Ingenier\u00eda Inform\u00e1tica) y Lorena Melero Gonz\u00e1lez (Directora de NTT Data) nos dieron su opini\u00f3n y su punto de vista sobre diferentes cuestiones relativas al pasado, presente y futuro de las mujeres en el campo de la inform\u00e1tica. El cierre de la mesa le correspondi\u00f3 a D. Fernando Vela Cossio, Vicerrector de Estrategia y ordenaci\u00f3n Acad\u00e9mica de la Universidad Polit\u00e9cnica de Madrid.<\/p>\n\n\n<div class=\"wp-block-image is-style-default\">\n<figure class=\"aligncenter size-large is-resized\"><img decoding=\"async\" width=\"2560\" height=\"1154\" data-attachment-id=\"6786\" data-permalink=\"https:\/\/www.retroparla.com\/index.php\/2024\/05\/exposicion-mujeres-ilustres-de-la-informatica\/whatsapp-image-2024-05-24-at-18-14-07\/\" data-orig-file=\"https:\/\/i0.wp.com\/www.retroparla.com\/wp-content\/uploads\/2024\/05\/WhatsApp-Image-2024-05-24-at-18.14.07-scaled.jpeg?fit=2560%2C1154&amp;ssl=1\" data-orig-size=\"2560,1154\" data-comments-opened=\"1\" data-image-meta=\"{&quot;aperture&quot;:&quot;0&quot;,&quot;credit&quot;:&quot;&quot;,&quot;camera&quot;:&quot;&quot;,&quot;caption&quot;:&quot;&quot;,&quot;created_timestamp&quot;:&quot;0&quot;,&quot;copyright&quot;:&quot;&quot;,&quot;focal_length&quot;:&quot;0&quot;,&quot;iso&quot;:&quot;0&quot;,&quot;shutter_speed&quot;:&quot;0&quot;,&quot;title&quot;:&quot;&quot;,&quot;orientation&quot;:&quot;0&quot;}\" data-image-title=\"WhatsApp-Image-2024-05-24-at-18.14.07\" data-image-description=\"\" data-image-caption=\"\" data-medium-file=\"https:\/\/i0.wp.com\/www.retroparla.com\/wp-content\/uploads\/2024\/05\/WhatsApp-Image-2024-05-24-at-18.14.07-scaled.jpeg?fit=300%2C135&amp;ssl=1\" data-large-file=\"https:\/\/i0.wp.com\/www.retroparla.com\/wp-content\/uploads\/2024\/05\/WhatsApp-Image-2024-05-24-at-18.14.07-scaled.jpeg?fit=720%2C325&amp;ssl=1\" src=\"https:\/\/i0.wp.com\/www.retroparla.com\/wp-content\/uploads\/2024\/05\/WhatsApp-Image-2024-05-24-at-18.14.07-scaled.jpeg?fit=720%2C325&amp;ssl=1\" alt=\"\" class=\"wp-image-6786\" style=\"width:720px;height:auto\" srcset=\"https:\/\/i0.wp.com\/www.retroparla.com\/wp-content\/uploads\/2024\/05\/WhatsApp-Image-2024-05-24-at-18.14.07-scaled.jpeg?w=2560&amp;ssl=1 2560w, https:\/\/i0.wp.com\/www.retroparla.com\/wp-content\/uploads\/2024\/05\/WhatsApp-Image-2024-05-24-at-18.14.07-scaled.jpeg?resize=300%2C135&amp;ssl=1 300w, https:\/\/i0.wp.com\/www.retroparla.com\/wp-content\/uploads\/2024\/05\/WhatsApp-Image-2024-05-24-at-18.14.07-scaled.jpeg?resize=1024%2C462&amp;ssl=1 1024w, https:\/\/i0.wp.com\/www.retroparla.com\/wp-content\/uploads\/2024\/05\/WhatsApp-Image-2024-05-24-at-18.14.07-scaled.jpeg?resize=768%2C346&amp;ssl=1 768w, https:\/\/i0.wp.com\/www.retroparla.com\/wp-content\/uploads\/2024\/05\/WhatsApp-Image-2024-05-24-at-18.14.07-scaled.jpeg?resize=1536%2C692&amp;ssl=1 1536w, https:\/\/i0.wp.com\/www.retroparla.com\/wp-content\/uploads\/2024\/05\/WhatsApp-Image-2024-05-24-at-18.14.07-scaled.jpeg?resize=2048%2C923&amp;ssl=1 2048w, https:\/\/i0.wp.com\/www.retroparla.com\/wp-content\/uploads\/2024\/05\/WhatsApp-Image-2024-05-24-at-18.14.07-scaled.jpeg?w=1440&amp;ssl=1 1440w, https:\/\/i0.wp.com\/www.retroparla.com\/wp-content\/uploads\/2024\/05\/WhatsApp-Image-2024-05-24-at-18.14.07-scaled.jpeg?w=2160&amp;ssl=1 2160w\" sizes=\"(max-width: 720px) 100vw, 720px\" \/><figcaption class=\"wp-element-caption\">Asistentes a la presentaci\u00f3n del acto XX Aniversario del Museo Hist\u00f3rico de la Inform\u00e1tica. <\/figcaption><\/figure>\n<\/div>\n\n\n<p>El acto finaliz\u00f3 con la visita al museo, as\u00ed como a la sala que lleva el nombre de su fundadora, D\u00f1a. Victoria Rodellar Biarge, y el recorrido de la exposici\u00f3n <a href=\"https:\/\/mhi.ws.fi.upm.es\/exposicion-aniversario-biografias\/\" target=\"_blank\" rel=\"noreferrer noopener nofollow\">\u201cMujeres ilustres de la Inform\u00e1tica\u201d<\/a>, que supone un compromiso por visibilizar el papel de la mujer en el mundo de la inform\u00e1tica, y que tiene como objetivo compartir con el p\u00fablico visitante el conocimiento sobre estas mujeres y mostrar su papel en la historia de la inform\u00e1tica desde el siglo XIX hasta nuestros d\u00edas a trav\u00e9s de sus historias.<\/p>\n\n\n<div class=\"wp-block-image is-style-default\">\n<figure class=\"aligncenter size-large\"><img data-recalc-dims=\"1\" decoding=\"async\" width=\"720\" height=\"405\" data-attachment-id=\"6792\" data-permalink=\"https:\/\/www.retroparla.com\/index.php\/2024\/05\/exposicion-mujeres-ilustres-de-la-informatica\/whatsapp-image-2024-05-24-at-19-00-44\/\" data-orig-file=\"https:\/\/i0.wp.com\/www.retroparla.com\/wp-content\/uploads\/2024\/05\/WhatsApp-Image-2024-05-24-at-19.00.44-scaled.jpeg?fit=2560%2C1440&amp;ssl=1\" data-orig-size=\"2560,1440\" data-comments-opened=\"1\" data-image-meta=\"{&quot;aperture&quot;:&quot;0&quot;,&quot;credit&quot;:&quot;&quot;,&quot;camera&quot;:&quot;&quot;,&quot;caption&quot;:&quot;&quot;,&quot;created_timestamp&quot;:&quot;0&quot;,&quot;copyright&quot;:&quot;&quot;,&quot;focal_length&quot;:&quot;0&quot;,&quot;iso&quot;:&quot;0&quot;,&quot;shutter_speed&quot;:&quot;0&quot;,&quot;title&quot;:&quot;&quot;,&quot;orientation&quot;:&quot;0&quot;}\" data-image-title=\"WhatsApp-Image-2024-05-24-at-19.00.44\" data-image-description=\"\" data-image-caption=\"\" data-medium-file=\"https:\/\/i0.wp.com\/www.retroparla.com\/wp-content\/uploads\/2024\/05\/WhatsApp-Image-2024-05-24-at-19.00.44-scaled.jpeg?fit=300%2C169&amp;ssl=1\" data-large-file=\"https:\/\/i0.wp.com\/www.retroparla.com\/wp-content\/uploads\/2024\/05\/WhatsApp-Image-2024-05-24-at-19.00.44-scaled.jpeg?fit=720%2C405&amp;ssl=1\" src=\"https:\/\/i0.wp.com\/www.retroparla.com\/wp-content\/uploads\/2024\/05\/WhatsApp-Image-2024-05-24-at-19.00.44.jpeg?resize=720%2C405&#038;ssl=1\" alt=\"\" class=\"wp-image-6792\" srcset=\"https:\/\/i0.wp.com\/www.retroparla.com\/wp-content\/uploads\/2024\/05\/WhatsApp-Image-2024-05-24-at-19.00.44-scaled.jpeg?resize=1024%2C576&amp;ssl=1 1024w, https:\/\/i0.wp.com\/www.retroparla.com\/wp-content\/uploads\/2024\/05\/WhatsApp-Image-2024-05-24-at-19.00.44-scaled.jpeg?resize=300%2C169&amp;ssl=1 300w, https:\/\/i0.wp.com\/www.retroparla.com\/wp-content\/uploads\/2024\/05\/WhatsApp-Image-2024-05-24-at-19.00.44-scaled.jpeg?resize=768%2C432&amp;ssl=1 768w, https:\/\/i0.wp.com\/www.retroparla.com\/wp-content\/uploads\/2024\/05\/WhatsApp-Image-2024-05-24-at-19.00.44-scaled.jpeg?resize=1536%2C864&amp;ssl=1 1536w, https:\/\/i0.wp.com\/www.retroparla.com\/wp-content\/uploads\/2024\/05\/WhatsApp-Image-2024-05-24-at-19.00.44-scaled.jpeg?resize=2048%2C1152&amp;ssl=1 2048w, https:\/\/i0.wp.com\/www.retroparla.com\/wp-content\/uploads\/2024\/05\/WhatsApp-Image-2024-05-24-at-19.00.44-scaled.jpeg?w=1440&amp;ssl=1 1440w, https:\/\/i0.wp.com\/www.retroparla.com\/wp-content\/uploads\/2024\/05\/WhatsApp-Image-2024-05-24-at-19.00.44-scaled.jpeg?w=2160&amp;ssl=1 2160w\" sizes=\"(max-width: 720px) 100vw, 720px\" \/><figcaption class=\"wp-element-caption\">Sala Victoria Rodellar.<\/figcaption><\/figure>\n<\/div>\n\n<div class=\"wp-block-image is-style-default\">\n<figure class=\"aligncenter size-large\"><img data-recalc-dims=\"1\" decoding=\"async\" width=\"720\" height=\"324\" data-attachment-id=\"6794\" data-permalink=\"https:\/\/www.retroparla.com\/index.php\/2024\/05\/exposicion-mujeres-ilustres-de-la-informatica\/whatsapp-image-2024-05-24-at-18-43-19-1\/\" data-orig-file=\"https:\/\/i0.wp.com\/www.retroparla.com\/wp-content\/uploads\/2024\/05\/WhatsApp-Image-2024-05-24-at-18.43.19-1.jpeg?fit=1600%2C721&amp;ssl=1\" data-orig-size=\"1600,721\" data-comments-opened=\"1\" data-image-meta=\"{&quot;aperture&quot;:&quot;0&quot;,&quot;credit&quot;:&quot;&quot;,&quot;camera&quot;:&quot;&quot;,&quot;caption&quot;:&quot;&quot;,&quot;created_timestamp&quot;:&quot;0&quot;,&quot;copyright&quot;:&quot;&quot;,&quot;focal_length&quot;:&quot;0&quot;,&quot;iso&quot;:&quot;0&quot;,&quot;shutter_speed&quot;:&quot;0&quot;,&quot;title&quot;:&quot;&quot;,&quot;orientation&quot;:&quot;0&quot;}\" data-image-title=\"WhatsApp-Image-2024-05-24-at-18.43.19-1\" data-image-description=\"\" data-image-caption=\"\" data-medium-file=\"https:\/\/i0.wp.com\/www.retroparla.com\/wp-content\/uploads\/2024\/05\/WhatsApp-Image-2024-05-24-at-18.43.19-1.jpeg?fit=300%2C135&amp;ssl=1\" data-large-file=\"https:\/\/i0.wp.com\/www.retroparla.com\/wp-content\/uploads\/2024\/05\/WhatsApp-Image-2024-05-24-at-18.43.19-1.jpeg?fit=720%2C324&amp;ssl=1\" src=\"https:\/\/i0.wp.com\/www.retroparla.com\/wp-content\/uploads\/2024\/05\/WhatsApp-Image-2024-05-24-at-18.43.19-1.jpeg?resize=720%2C324&#038;ssl=1\" alt=\"\" class=\"wp-image-6794\" srcset=\"https:\/\/i0.wp.com\/www.retroparla.com\/wp-content\/uploads\/2024\/05\/WhatsApp-Image-2024-05-24-at-18.43.19-1.jpeg?resize=1024%2C461&amp;ssl=1 1024w, https:\/\/i0.wp.com\/www.retroparla.com\/wp-content\/uploads\/2024\/05\/WhatsApp-Image-2024-05-24-at-18.43.19-1.jpeg?resize=300%2C135&amp;ssl=1 300w, https:\/\/i0.wp.com\/www.retroparla.com\/wp-content\/uploads\/2024\/05\/WhatsApp-Image-2024-05-24-at-18.43.19-1.jpeg?resize=768%2C346&amp;ssl=1 768w, https:\/\/i0.wp.com\/www.retroparla.com\/wp-content\/uploads\/2024\/05\/WhatsApp-Image-2024-05-24-at-18.43.19-1.jpeg?resize=1536%2C692&amp;ssl=1 1536w, https:\/\/i0.wp.com\/www.retroparla.com\/wp-content\/uploads\/2024\/05\/WhatsApp-Image-2024-05-24-at-18.43.19-1.jpeg?w=1600&amp;ssl=1 1600w, https:\/\/i0.wp.com\/www.retroparla.com\/wp-content\/uploads\/2024\/05\/WhatsApp-Image-2024-05-24-at-18.43.19-1.jpeg?w=1440&amp;ssl=1 1440w\" sizes=\"(max-width: 720px) 100vw, 720px\" \/><figcaption class=\"wp-element-caption\">Visita al Museo Hist\u00f3rico de la Inform\u00e1tica.<\/figcaption><\/figure>\n<\/div>\n\n\n<p>La exposici\u00f3n se divide en 4 secciones:<\/p>\n\n\n\n<ul class=\"wp-block-list\">\n<li>Lenguajes de programaci\u00f3n: Ada Lovelace, Grace Hopper, Mary Kenneth Keller, Barbara Liskov, Susan L. Graham y Adele Goldberg.<\/li>\n\n\n\n<li>Software y aplicaciones: Karen Sp\u00e4rck Jones, Margaret Hamilton, Roberta Williams y Carol Shaw.<\/li>\n\n\n\n<li>Tecnolog\u00edas y Sistemas: Hedy Lamarr, Mary Allen Wilkes y Sally Floyd.<\/li>\n\n\n\n<li>Otras disciplinas: Frances Allen, Shafrira Goldwasser.<\/li>\n<\/ul>\n\n\n<div class=\"wp-block-image is-style-default\">\n<figure class=\"aligncenter size-full is-resized\"><img data-recalc-dims=\"1\" decoding=\"async\" width=\"720\" height=\"624\" data-attachment-id=\"6791\" data-permalink=\"https:\/\/www.retroparla.com\/index.php\/2024\/05\/exposicion-mujeres-ilustres-de-la-informatica\/montaje_1\/\" data-orig-file=\"https:\/\/i0.wp.com\/www.retroparla.com\/wp-content\/uploads\/2024\/05\/Montaje_1.jpg?fit=904%2C784&amp;ssl=1\" data-orig-size=\"904,784\" data-comments-opened=\"1\" data-image-meta=\"{&quot;aperture&quot;:&quot;0&quot;,&quot;credit&quot;:&quot;Alvaro&quot;,&quot;camera&quot;:&quot;&quot;,&quot;caption&quot;:&quot;&quot;,&quot;created_timestamp&quot;:&quot;1716758666&quot;,&quot;copyright&quot;:&quot;&quot;,&quot;focal_length&quot;:&quot;0&quot;,&quot;iso&quot;:&quot;0&quot;,&quot;shutter_speed&quot;:&quot;0&quot;,&quot;title&quot;:&quot;&quot;,&quot;orientation&quot;:&quot;0&quot;}\" data-image-title=\"Montaje_1\" data-image-description=\"\" data-image-caption=\"\" data-medium-file=\"https:\/\/i0.wp.com\/www.retroparla.com\/wp-content\/uploads\/2024\/05\/Montaje_1.jpg?fit=300%2C260&amp;ssl=1\" data-large-file=\"https:\/\/i0.wp.com\/www.retroparla.com\/wp-content\/uploads\/2024\/05\/Montaje_1.jpg?fit=720%2C624&amp;ssl=1\" src=\"https:\/\/i0.wp.com\/www.retroparla.com\/wp-content\/uploads\/2024\/05\/Montaje_1.jpg?resize=720%2C624&#038;ssl=1\" alt=\"\" class=\"wp-image-6791\" style=\"width:848px;height:auto\" srcset=\"https:\/\/i0.wp.com\/www.retroparla.com\/wp-content\/uploads\/2024\/05\/Montaje_1.jpg?w=904&amp;ssl=1 904w, https:\/\/i0.wp.com\/www.retroparla.com\/wp-content\/uploads\/2024\/05\/Montaje_1.jpg?resize=300%2C260&amp;ssl=1 300w, https:\/\/i0.wp.com\/www.retroparla.com\/wp-content\/uploads\/2024\/05\/Montaje_1.jpg?resize=768%2C666&amp;ssl=1 768w\" sizes=\"(max-width: 720px) 100vw, 720px\" \/><figcaption class=\"wp-element-caption\">Presentaci\u00f3n y agradecimientos de la exposici\u00f3n \u00abMujeres Ilustres de la Inform\u00e1tica\u00bb.<\/figcaption><\/figure>\n<\/div>\n\n\n<p>Nuestra asociaci\u00f3n colabora con el MHI, en cooperaci\u00f3n con la <a href=\"https:\/\/www.auic.es\/\" target=\"_blank\" rel=\"noreferrer noopener nofollow\">Asociaci\u00f3n de Usuarios de Inform\u00e1tica Cl\u00e1sica (AUIC)<\/a>, con una colecci\u00f3n de l\u00e1minas pertenecientes a la exposici\u00f3n <a href=\"https:\/\/www.retroparla.com\/index.php\/2020\/08\/visibles\/\" target=\"_blank\" rel=\"noreferrer noopener nofollow\">\u00abVisibles: mujeres en la historia de la inform\u00e1tica y los videojuegos\u00bb<\/a>, donde pudimos recorrer la historia de nuestra afici\u00f3n a trav\u00e9s del trabajo de cincuenta mujeres ingenieras, programadoras, matem\u00e1ticas y compositoras. Dicha exposici\u00f3n la organizamos en La Casa de la Juventud de Parla cuatro a\u00f1os atr\u00e1s para celebrar nuestro peri\u00f3dico evento \u201cRetro Parla 2020 Segundo Encuentro Anual\u201d, en el que junto a la AUIC organizamos la mesa redonda <a href=\"https:\/\/www.retroparla.com\/index.php\/2020\/03\/retro-parla-2020-charlas-y-mesa-redonda-domingo-8-de-marzo-de-2020\/\" target=\"_blank\" rel=\"noreferrer noopener nofollow\">\u201cMujeres en inform\u00e1tica: referentes y situaci\u00f3n actual\u201d<\/a>, en la que nos acompa\u00f1aron D\u00f1a. Victoria Rodellar, fundadora y primera Directora del MHI, D\u00f1a. Teresa de Pedro, pionera de los coches aut\u00f3nomos y D\u00f1a. Cristina S\u00e1nchez, periodista especializada en tecnolog\u00eda. En esta mesa tuvimos la oportunidad de conocer las apasionantes experiencias de dos mujeres referentes de la inform\u00e1tica en Espa\u00f1a.<\/p>\n\n\n\n<figure class=\"wp-block-image size-large is-style-default\"><img data-recalc-dims=\"1\" decoding=\"async\" width=\"720\" height=\"405\" data-attachment-id=\"6810\" data-permalink=\"https:\/\/www.retroparla.com\/index.php\/2024\/05\/exposicion-mujeres-ilustres-de-la-informatica\/whatsapp-image-2024-05-24-at-18-46-05\/\" data-orig-file=\"https:\/\/i0.wp.com\/www.retroparla.com\/wp-content\/uploads\/2024\/05\/WhatsApp-Image-2024-05-24-at-18.46.05-scaled.jpeg?fit=2560%2C1440&amp;ssl=1\" data-orig-size=\"2560,1440\" data-comments-opened=\"1\" data-image-meta=\"{&quot;aperture&quot;:&quot;0&quot;,&quot;credit&quot;:&quot;&quot;,&quot;camera&quot;:&quot;&quot;,&quot;caption&quot;:&quot;&quot;,&quot;created_timestamp&quot;:&quot;0&quot;,&quot;copyright&quot;:&quot;&quot;,&quot;focal_length&quot;:&quot;0&quot;,&quot;iso&quot;:&quot;0&quot;,&quot;shutter_speed&quot;:&quot;0&quot;,&quot;title&quot;:&quot;&quot;,&quot;orientation&quot;:&quot;0&quot;}\" data-image-title=\"WhatsApp-Image-2024-05-24-at-18.46.05\" data-image-description=\"\" data-image-caption=\"\" data-medium-file=\"https:\/\/i0.wp.com\/www.retroparla.com\/wp-content\/uploads\/2024\/05\/WhatsApp-Image-2024-05-24-at-18.46.05-scaled.jpeg?fit=300%2C169&amp;ssl=1\" data-large-file=\"https:\/\/i0.wp.com\/www.retroparla.com\/wp-content\/uploads\/2024\/05\/WhatsApp-Image-2024-05-24-at-18.46.05-scaled.jpeg?fit=720%2C405&amp;ssl=1\" src=\"https:\/\/i0.wp.com\/www.retroparla.com\/wp-content\/uploads\/2024\/05\/WhatsApp-Image-2024-05-24-at-18.46.05.jpeg?resize=720%2C405&#038;ssl=1\" alt=\"\" class=\"wp-image-6810\" srcset=\"https:\/\/i0.wp.com\/www.retroparla.com\/wp-content\/uploads\/2024\/05\/WhatsApp-Image-2024-05-24-at-18.46.05-scaled.jpeg?resize=1024%2C576&amp;ssl=1 1024w, https:\/\/i0.wp.com\/www.retroparla.com\/wp-content\/uploads\/2024\/05\/WhatsApp-Image-2024-05-24-at-18.46.05-scaled.jpeg?resize=300%2C169&amp;ssl=1 300w, https:\/\/i0.wp.com\/www.retroparla.com\/wp-content\/uploads\/2024\/05\/WhatsApp-Image-2024-05-24-at-18.46.05-scaled.jpeg?resize=768%2C432&amp;ssl=1 768w, https:\/\/i0.wp.com\/www.retroparla.com\/wp-content\/uploads\/2024\/05\/WhatsApp-Image-2024-05-24-at-18.46.05-scaled.jpeg?resize=1536%2C864&amp;ssl=1 1536w, https:\/\/i0.wp.com\/www.retroparla.com\/wp-content\/uploads\/2024\/05\/WhatsApp-Image-2024-05-24-at-18.46.05-scaled.jpeg?resize=2048%2C1152&amp;ssl=1 2048w, https:\/\/i0.wp.com\/www.retroparla.com\/wp-content\/uploads\/2024\/05\/WhatsApp-Image-2024-05-24-at-18.46.05-scaled.jpeg?w=1440&amp;ssl=1 1440w, https:\/\/i0.wp.com\/www.retroparla.com\/wp-content\/uploads\/2024\/05\/WhatsApp-Image-2024-05-24-at-18.46.05-scaled.jpeg?w=2160&amp;ssl=1 2160w\" sizes=\"(max-width: 720px) 100vw, 720px\" \/><\/figure>\n","protected":false},"excerpt":{"rendered":"<p>Ante un abarrotado sal\u00f3n de actos, el pasado d\u00eda 24 se celebr\u00f3 el XX Aniversario del Museo Hist\u00f3rico de la Inform\u00e1tica (MHI) de la Escuela T\u00e9cnica Superior de Ingenieros Inform\u00e1ticos (ETSIINF) de la Universidad Polit\u00e9cnica de Madrid (UPM). El acto fue presentado por el Director de la ETSIINF, D.&#46;&#46;&#46;<\/p>\n","protected":false},"author":1,"featured_media":6799,"comment_status":"open","ping_status":"open","sticky":false,"template":"","format":"standard","meta":{"_bbp_topic_count":0,"_bbp_reply_count":0,"_bbp_total_topic_count":0,"_bbp_total_reply_count":0,"_bbp_voice_count":0,"_bbp_anonymous_reply_count":0,"_bbp_topic_count_hidden":0,"_bbp_reply_count_hidden":0,"_bbp_forum_subforum_count":0,"jetpack_post_was_ever_published":false,"_jetpack_newsletter_access":"","_jetpack_dont_email_post_to_subs":false,"_jetpack_newsletter_tier_id":0,"_jetpack_memberships_contains_paywalled_content":false,"_jetpack_memberships_contains_paid_content":false,"footnotes":""},"categories":[65],"tags":[78,79,80],"class_list":["post-6783","post","type-post","status-publish","format-standard","has-post-thumbnail","hentry","category-exposiciones","tag-exposiciones","tag-informatica","tag-museo"],"jetpack_featured_media_url":"https:\/\/i0.wp.com\/www.retroparla.com\/wp-content\/uploads\/2024\/05\/WhatsApp-Image-2024-05-24-at-18.14.07-1-scaled.jpeg?fit=2560%2C1154&ssl=1","jetpack_likes_enabled":true,"jetpack_shortlink":"https:\/\/wp.me\/pcGicC-1Lp","jetpack_sharing_enabled":true,"_links":{"self":[{"href":"https:\/\/www.retroparla.com\/index.php\/wp-json\/wp\/v2\/posts\/6783","targetHints":{"allow":["GET"]}}],"collection":[{"href":"https:\/\/www.retroparla.com\/index.php\/wp-json\/wp\/v2\/posts"}],"about":[{"href":"https:\/\/www.retroparla.com\/index.php\/wp-json\/wp\/v2\/types\/post"}],"author":[{"embeddable":true,"href":"https:\/\/www.retroparla.com\/index.php\/wp-json\/wp\/v2\/users\/1"}],"replies":[{"embeddable":true,"href":"https:\/\/www.retroparla.com\/index.php\/wp-json\/wp\/v2\/comments?post=6783"}],"version-history":[{"count":11,"href":"https:\/\/www.retroparla.com\/index.php\/wp-json\/wp\/v2\/posts\/6783\/revisions"}],"predecessor-version":[{"id":6815,"href":"https:\/\/www.retroparla.com\/index.php\/wp-json\/wp\/v2\/posts\/6783\/revisions\/6815"}],"wp:featuredmedia":[{"embeddable":true,"href":"https:\/\/www.retroparla.com\/index.php\/wp-json\/wp\/v2\/media\/6799"}],"wp:attachment":[{"href":"https:\/\/www.retroparla.com\/index.php\/wp-json\/wp\/v2\/media?parent=6783"}],"wp:term":[{"taxonomy":"category","embeddable":true,"href":"https:\/\/www.retroparla.com\/index.php\/wp-json\/wp\/v2\/categories?post=6783"},{"taxonomy":"post_tag","embeddable":true,"href":"https:\/\/www.retroparla.com\/index.php\/wp-json\/wp\/v2\/tags?post=6783"}],"curies":[{"name":"wp","href":"https:\/\/api.w.org\/{rel}","templated":true}]}}